{"id":975,"date":"2023-09-13T16:48:24","date_gmt":"2023-09-13T16:48:24","guid":{"rendered":"https:\/\/www.brfue.com\/blog\/?p=975"},"modified":"2023-09-13T16:48:25","modified_gmt":"2023-09-13T16:48:25","slug":"ha-alguma-idade-minima-ou-maxima-para-se-submeter-a-um-transplante-capilar","status":"publish","type":"post","link":"https:\/\/www.brfue.com\/blog\/curiosidades\/ha-alguma-idade-minima-ou-maxima-para-se-submeter-a-um-transplante-capilar\/","title":{"rendered":"H\u00e1 alguma idade m\u00ednima ou m\u00e1xima para se submeter a um transplante capilar?"},"content":{"rendered":"\n<p>A busca pela restaura\u00e7\u00e3o capilar \u00e9 um desejo que transcende gera\u00e7\u00f5es e idades. A calv\u00edcie afeta pessoas de todas as idades, e a ci\u00eancia avan\u00e7ou consideravelmente na \u00e1rea dos <strong><a href=\"https:\/\/www.brfue.com\/\">transplantes capilares<\/a><\/strong>, tornando essa solu\u00e7\u00e3o acess\u00edvel a uma ampla faixa et\u00e1ria. No entanto, a quest\u00e3o da idade m\u00ednima ou m\u00e1xima para se submeter a um transplante capilar n\u00e3o \u00e9 uma resposta de f\u00e1cil defini\u00e7\u00e3o, pois depende de v\u00e1rios fatores individuais.<\/p>\n\n\n\n<p>Em geral, a idade m\u00ednima sugerida \u00e9 aquela em que a calv\u00edcie \u00e9 est\u00e1vel, geralmente ap\u00f3s os 25 anos. Para pacientes mais jovens, \u00e9 fundamental avaliar a progress\u00e3o da perda capilar antes de considerar o procedimento. Quanto \u00e0 idade m\u00e1xima, desde que a pessoa esteja em boa sa\u00fade e preencha os crit\u00e9rios m\u00e9dicos necess\u00e1rios, n\u00e3o h\u00e1 uma limita\u00e7\u00e3o estrita.<\/p>\n\n\n\n<p>A decis\u00e3o de realizar um transplante capilar deve ser sempre baseada em consultas m\u00e9dicas especializadas e em uma an\u00e1lise completa das condi\u00e7\u00f5es de sa\u00fade e expectativas do paciente. A tecnologia avan\u00e7ada e as t\u00e9cnicas de transplante capilar modernas possibilitam que indiv\u00edduos de diversas idades alcancem o sonho de recuperar sua apar\u00eancia capilar, contribuindo para uma maior autoestima e qualidade de vida.<\/p>\n\n\n\n<p><strong>\u00cdNDICE:<\/strong><\/p>\n\n\n\n<ul class=\"wp-block-list\">\n<li><strong>Qual \u00e9 a idade m\u00ednima recomendada para realizar um transplante capilar?<\/strong><\/li>\n\n\n\n<li><strong>H\u00e1 uma idade m\u00e1xima para submeter-se a um transplante capilar?<\/strong><\/li>\n\n\n\n<li><strong>Existem diferen\u00e7as nas abordagens de transplante capilar para pacientes mais jovens e mais velhos?<\/strong><\/li>\n\n\n\n<li><strong>Quais s\u00e3o os principais fatores al\u00e9m da idade que influenciam a elegibilidade para um transplante capilar?<\/strong><\/li>\n\n\n\n<li><strong>Conclus\u00e3o!<\/strong><\/li>\n<\/ul>\n\n\n\n<figure class=\"wp-block-embed is-type-wp-embed is-provider-brfue-transplante-capilar-em-bh-transplante-fio-a-fio-em-bh wp-block-embed-brfue-transplante-capilar-em-bh-transplante-fio-a-fio-em-bh\"><div class=\"wp-block-embed__wrapper\">\n<blockquote class=\"wp-embedded-content\" data-secret=\"dDEs5kUQr4\"><a href=\"https:\/\/www.brfue.com\/blog\/curiosidades\/transplante-capilar-perto-de-mim-transplante-fio-a-fio\/\">Transplante Capilar Perto de Mim &#8211; Transplante fio a fio!<\/a><\/blockquote><iframe loading=\"lazy\" class=\"wp-embedded-content\" sandbox=\"allow-scripts\" security=\"restricted\" style=\"position: absolute; clip: rect(1px, 1px, 1px, 1px);\" title=\"&#8220;Transplante Capilar Perto de Mim &#8211; Transplante fio a fio!&#8221; &#8212; BRFUE - Transplante Capilar em BH - Transplante Fio a Fio  em BH\" src=\"https:\/\/www.brfue.com\/blog\/curiosidades\/transplante-capilar-perto-de-mim-transplante-fio-a-fio\/embed\/#?secret=JN1tkwrcqB#?secret=dDEs5kUQr4\" data-secret=\"dDEs5kUQr4\" width=\"500\" height=\"282\" frameborder=\"0\" marginwidth=\"0\" marginheight=\"0\" scrolling=\"no\"><\/iframe>\n<\/div><\/figure>\n\n\n\n<p><strong>Qual \u00e9 a idade m\u00ednima recomendada para realizar um transplante capilar?<\/strong><\/p>\n\n\n\n<p>A idade m\u00ednima recomendada para realizar um <strong><a href=\"https:\/\/www.brfue.com\/blog\/category\/transplante-capilar\/\">transplante capilar<\/a><\/strong> geralmente \u00e9 por volta dos 25 anos. Isso se deve ao fato de que a calv\u00edcie, especialmente em homens, tende a se estabilizar ap\u00f3s essa idade. Realizar um transplante capilar antes que a perda de cabelo se estabilize pode n\u00e3o ser a melhor op\u00e7\u00e3o, uma vez que o padr\u00e3o de calv\u00edcie ainda pode progredir, exigindo procedimentos adicionais no futuro.<\/p>\n\n\n\n<p>No entanto, \u00e9 importante ressaltar que a idade ideal para um transplante capilar pode variar de pessoa para pessoa. Cada paciente \u00e9 \u00fanico, e a decis\u00e3o de submeter-se a um transplante capilar deve ser baseada em uma avalia\u00e7\u00e3o individualizada feita por um cirurgi\u00e3o capilar qualificado. Al\u00e9m da idade, outros fatores, como a extens\u00e3o da perda de cabelo, a sa\u00fade geral do paciente e suas expectativas, desempenham um papel importante na determina\u00e7\u00e3o da elegibilidade para o procedimento. Portanto, \u00e9 fundamental consultar um especialista para avaliar as op\u00e7\u00f5es dispon\u00edveis e tomar uma decis\u00e3o informada.<\/p>\n\n\n\n<p><strong>H\u00e1 uma idade m\u00e1xima para submeter-se a um transplante capilar?<\/strong><\/p>\n\n\n\n<p>N\u00e3o h\u00e1 uma idade m\u00e1xima estrita para se submeter a um transplante capilar. A elegibilidade para o procedimento \u00e9 mais fortemente influenciada pela sa\u00fade geral do paciente do que pela idade. Enquanto uma pessoa estiver em boa sa\u00fade e atender aos crit\u00e9rios m\u00e9dicos necess\u00e1rios, ela pode ser candidata a um transplante capilar, independentemente da idade.<\/p>\n\n\n\n<p>No entanto, \u00e9 importante notar que quanto mais avan\u00e7ada a idade, maior a probabilidade de o paciente ter outras condi\u00e7\u00f5es m\u00e9dicas que precisam ser consideradas antes do procedimento. Al\u00e9m disso, o sucesso do transplante capilar pode variar com a idade devido \u00e0 qualidade e \u00e0 quantidade de cabelo doador dispon\u00edvel.<\/p>\n\n\n\n<p>A avalia\u00e7\u00e3o de um cirurgi\u00e3o capilar experiente \u00e9 fundamental para determinar a adequa\u00e7\u00e3o de um paciente mais idoso para um transplante capilar. Eles considerar\u00e3o diversos fatores, como a sa\u00fade geral do paciente, a qualidade do cabelo doador, as expectativas realistas e o potencial para um resultado satisfat\u00f3rio antes de recomendar ou realizar o procedimento. Em \u00faltima an\u00e1lise, a idade n\u00e3o \u00e9 um impedimento absoluto, mas sim um dos muitos fatores considerados durante a avalia\u00e7\u00e3o.<\/p>\n\n\n\n<p><strong>Existem diferen\u00e7as nas abordagens de transplante capilar para pacientes mais jovens e mais velhos?<\/strong><\/p>\n\n\n\n<p>Sim, existem algumas diferen\u00e7as nas abordagens de transplante capilar para pacientes mais jovens e mais velhos. Essas diferen\u00e7as est\u00e3o relacionadas principalmente \u00e0s caracter\u00edsticas da perda de cabelo, \u00e0 sa\u00fade geral do paciente e \u00e0s expectativas realistas. Aqui est\u00e3o algumas das principais distin\u00e7\u00f5es:<\/p>\n\n\n\n<ol class=\"wp-block-list\">\n<li><strong>Padr\u00f5es de Calv\u00edcie:<\/strong> Em pacientes mais jovens, os padr\u00f5es de calv\u00edcie podem n\u00e3o estar completamente estabelecidos, e a perda de cabelo ainda pode progredir. Portanto, em pacientes mais jovens, os cirurgi\u00f5es capilares tendem a ser mais cautelosos e podem recomendar um plano de tratamento a longo prazo para lidar com a calv\u00edcie em evolu\u00e7\u00e3o.<\/li>\n\n\n\n<li><strong>Sa\u00fade Geral:<\/strong> Pacientes mais velhos podem apresentar condi\u00e7\u00f5es m\u00e9dicas subjacentes que precisam ser avaliadas antes do transplante capilar. A sa\u00fade geral do paciente \u00e9 crucial para determinar a elegibilidade e o sucesso do procedimento.<\/li>\n\n\n\n<li><strong>Quantidade e Qualidade do Cabelo Doador:<\/strong> A quantidade e a qualidade do cabelo doador dispon\u00edvel podem variar com a idade. Em pacientes mais jovens, geralmente h\u00e1 uma reserva maior de cabelo doador, o que pode permitir a cobertura de \u00e1reas maiores. Em pacientes mais velhos, a disponibilidade de cabelo doador pode ser mais limitada, e isso pode afetar o planejamento do transplante.<\/li>\n\n\n\n<li><strong>Expectativas:<\/strong> As expectativas dos pacientes em rela\u00e7\u00e3o ao resultado do transplante capilar podem variar. Pacientes mais jovens podem ter expectativas mais altas em termos de densidade capilar e resultado est\u00e9tico, enquanto pacientes mais velhos podem estar mais dispostos a aceitar resultados mais sutis.<\/li>\n<\/ol>\n\n\n\n<p>Em suma, a idade \u00e9 apenas um dos fatores que influenciam a abordagem do transplante capilar. Um cirurgi\u00e3o capilar experiente considerar\u00e1 todos esses fatores ao desenvolver um plano de tratamento personalizado para cada paciente, independentemente da idade, visando alcan\u00e7ar os melhores resultados poss\u00edveis.<\/p>\n\n\n\n<p><strong>Quais s\u00e3o os principais fatores al\u00e9m da idade que influenciam a elegibilidade para um transplante capilar?<\/strong><\/p>\n\n\n\n<p>Al\u00e9m da idade, v\u00e1rios fatores influenciam a elegibilidade de um paciente para um <strong><a href=\"https:\/\/www.brfue.com\/blog\/curiosidades\/transplante-capilar-e-definitivo-saiba-como-funciona\/\">transplante capilar<\/a><\/strong>. Os principais fatores incluem:<\/p>\n\n\n\n<ol class=\"wp-block-list\">\n<li><strong>Sa\u00fade Geral:<\/strong> A sa\u00fade do paciente desempenha um papel fundamental na elegibilidade para um transplante capilar. Condi\u00e7\u00f5es m\u00e9dicas subjacentes, como doen\u00e7as card\u00edacas, diabetes ou dist\u00farbios autoimunes, podem afetar a capacidade de se submeter ao procedimento e a recupera\u00e7\u00e3o ap\u00f3s a cirurgia.<\/li>\n\n\n\n<li><strong>Qualidade e Quantidade do Cabelo Doador:<\/strong> A disponibilidade de cabelo doador de boa qualidade \u00e9 essencial para o sucesso do transplante. O cirurgi\u00e3o avaliar\u00e1 a densidade, textura e sa\u00fade do cabelo doador para determinar se \u00e9 adequado para o procedimento.<\/li>\n\n\n\n<li><strong>Estabilidade da Perda de Cabelo:<\/strong> O padr\u00e3o de perda de cabelo deve estar relativamente est\u00e1vel antes de considerar um transplante capilar. Pacientes com perda de cabelo ativa e progressiva podem n\u00e3o ser candidatos ideais, pois o procedimento pode n\u00e3o acompanhar o ritmo da perda de cabelo.<\/li>\n\n\n\n<li><strong>Expectativas Realistas:<\/strong> \u00c9 importante que o paciente tenha expectativas realistas sobre os resultados do transplante capilar. Um cirurgi\u00e3o capilar experiente discutir\u00e1 com o paciente o que \u00e9 alcan\u00e7\u00e1vel com o procedimento, levando em considera\u00e7\u00e3o a disponibilidade de cabelo doador e outros fatores.<\/li>\n\n\n\n<li><strong>Idade do Paciente:<\/strong> Embora a idade n\u00e3o seja o \u00fanico fator determinante, ela ainda desempenha um papel na elegibilidade. Pacientes mais jovens podem precisar de uma avalia\u00e7\u00e3o cuidadosa devido \u00e0 possibilidade de progress\u00e3o da perda de cabelo, enquanto pacientes mais velhos podem ter preocupa\u00e7\u00f5es de sa\u00fade adicionais.<\/li>\n\n\n\n<li><strong>Compromisso com o P\u00f3s-Operat\u00f3rio:<\/strong> O paciente deve estar disposto a seguir as instru\u00e7\u00f5es p\u00f3s-operat\u00f3rias rigorosamente para garantir uma recupera\u00e7\u00e3o bem-sucedida e resultados duradouros.<\/li>\n\n\n\n<li><strong>Hist\u00f3rico de Tratamentos Capilares Anteriores:<\/strong> Pacientes que j\u00e1 se submeteram a procedimentos capilares anteriores podem ter considera\u00e7\u00f5es espec\u00edficas em rela\u00e7\u00e3o ao transplante, dependendo do tipo e do sucesso desses procedimentos anteriores.<\/li>\n<\/ol>\n\n\n\n<p>Cada paciente \u00e9 \u00fanico, e a elegibilidade para um transplante capilar \u00e9 determinada por uma avalia\u00e7\u00e3o individualizada realizada por um cirurgi\u00e3o capilar experiente. Portanto, \u00e9 essencial consultar um especialista para discutir todas as op\u00e7\u00f5es dispon\u00edveis e determinar a melhor abordagem para suas necessidades espec\u00edficas.<\/p>\n\n\n\n<figure class=\"wp-block-embed is-type-wp-embed is-provider-brfue-transplante-capilar-em-bh-transplante-fio-a-fio-em-bh wp-block-embed-brfue-transplante-capilar-em-bh-transplante-fio-a-fio-em-bh\"><div class=\"wp-block-embed__wrapper\">\n<blockquote class=\"wp-embedded-content\" data-secret=\"E5HARVZfQW\"><a href=\"https:\/\/www.brfue.com\/blog\/dicas\/qual-e-a-taxa-de-sucesso-tipica-de-um-transplante-capilar\/\">Qual \u00e9 a taxa de sucesso t\u00edpica de um transplante capilar?<\/a><\/blockquote><iframe loading=\"lazy\" class=\"wp-embedded-content\" sandbox=\"allow-scripts\" security=\"restricted\" style=\"position: absolute; clip: rect(1px, 1px, 1px, 1px);\" title=\"&#8220;Qual \u00e9 a taxa de sucesso t\u00edpica de um transplante capilar?&#8221; &#8212; BRFUE - Transplante Capilar em BH - Transplante Fio a Fio  em BH\" src=\"https:\/\/www.brfue.com\/blog\/dicas\/qual-e-a-taxa-de-sucesso-tipica-de-um-transplante-capilar\/embed\/#?secret=m9ayhd4ghQ#?secret=E5HARVZfQW\" data-secret=\"E5HARVZfQW\" width=\"500\" height=\"282\" frameborder=\"0\" marginwidth=\"0\" marginheight=\"0\" scrolling=\"no\"><\/iframe>\n<\/div><\/figure>\n\n\n\n<p><strong>Conclus\u00e3o<\/strong><\/p>\n\n\n\n<p>Em conclus\u00e3o, a quest\u00e3o da idade m\u00ednima e m\u00e1xima para se submeter a um <strong><a href=\"https:\/\/www.brfue.com\/blog\/curiosidades\/transplante-capilar-de-barba-dicas-e-como-funciona\/\">transplante capilar<\/a><\/strong> \u00e9 multifacetada e depende de uma s\u00e9rie de fatores individuais. Embora a idade seja um componente importante na avalia\u00e7\u00e3o da elegibilidade para o procedimento, n\u00e3o \u00e9 o \u00fanico determinante. A sa\u00fade geral do paciente, a estabilidade da perda de cabelo, a qualidade do cabelo doador e as expectativas realistas desempenham pap\u00e9is cruciais na decis\u00e3o de realizar um transplante capilar.<\/p>\n\n\n\n<p>\u00c9 importante lembrar que cada paciente \u00e9 \u00fanico, e a abordagem para o transplante capilar deve ser personalizada para atender \u00e0s suas necessidades espec\u00edficas. Portanto, a consulta com um cirurgi\u00e3o capilar experiente \u00e9 essencial para determinar a adequa\u00e7\u00e3o do procedimento e desenvolver um plano de tratamento adequado.<\/p>\n\n\n\n<p>A tecnologia e as t\u00e9cnicas modernas de transplante capilar tornaram poss\u00edvel que uma ampla faixa et\u00e1ria, dentro dos crit\u00e9rios apropriados, alcance resultados naturais e satisfat\u00f3rios. Com cuidados m\u00e9dicos adequados e expectativas realistas, muitas pessoas podem desfrutar dos benef\u00edcios da restaura\u00e7\u00e3o capilar, independentemente da idade.<\/p>\n\n\n\n<p>Para saber mais informa\u00e7\u00f5es sobre o\u00a0transplante Capilar, consulte um de nossos especialistas agora mesmo!<\/p>\n\n\n\n<p>(31) 98497-7573<br>Email:&nbsp;<a href=\"mailto:drvitor@brfue.com\" target=\"_blank\" rel=\"noreferrer noopener\">drvitor@brfue.com<\/a><br><a href=\"https:\/\/www.brfue.com\/\">www.brfue.com<\/a><\/p>\n","protected":false},"excerpt":{"rendered":"<p>A busca pela restaura\u00e7\u00e3o capilar \u00e9 um desejo que transcende gera\u00e7\u00f5es e idades. A calv\u00edcie afeta pessoas de todas as idades, e a ci\u00eancia avan\u00e7ou consideravelmente na \u00e1rea dos transplantes capilares, tornando essa solu\u00e7\u00e3o acess\u00edvel a uma ampla faixa et\u00e1ria.<\/p>\n","protected":false},"author":1,"featured_media":976,"comment_status":"closed","ping_status":"open","sticky":false,"template":"","format":"standard","meta":{"site-sidebar-layout":"default","site-content-layout":"default","ast-global-header-display":"","ast-main-header-display":"","ast-hfb-above-header-display":"","ast-hfb-below-header-display":"","ast-hfb-mobile-header-display":"","site-post-title":"","ast-breadcrumbs-content":"","ast-featured-img":"","footer-sml-layout":"","theme-transparent-header-meta":"","adv-header-id-meta":"","stick-header-meta":"","header-above-stick-meta":"","header-main-stick-meta":"","header-below-stick-meta":"","footnotes":""},"categories":[9,1,10],"tags":[20,12,54],"class_list":["post-975","post","type-post","status-publish","format-standard","has-post-thumbnail","hentry","category-curiosidades","category-dicas","category-transplante-capilar","tag-brfue","tag-transplante-capilar","tag-transplante-capilar-idade"],"yoast_head":"<!-- This site is optimized with the Yoast SEO plugin v25.5 - https:\/\/yoast.com\/wordpress\/plugins\/seo\/ -->\n<title>H\u00e1 alguma idade m\u00ednima ou m\u00e1xima para se submeter a um transplante capilar?<\/title>\n<meta name=\"description\" content=\"A busca pela restaura\u00e7\u00e3o capilar \u00e9 um desejo que transcende gera\u00e7\u00f5es e idades. A calv\u00edcie afeta pessoas de todas as idades...\" \/>\n<meta name=\"robots\" content=\"index, follow, max-snippet:-1, max-image-preview:large, max-video-preview:-1\" \/>\n<link rel=\"canonical\" href=\"https:\/\/www.brfue.com\/blog\/curiosidades\/ha-alguma-idade-minima-ou-maxima-para-se-submeter-a-um-transplante-capilar\/\" \/>\n<meta property=\"og:locale\" content=\"pt_BR\" \/>\n<meta property=\"og:type\" content=\"article\" \/>\n<meta property=\"og:title\" content=\"H\u00e1 alguma idade m\u00ednima ou m\u00e1xima para se submeter a um transplante capilar?\" \/>\n<meta property=\"og:description\" content=\"A busca pela restaura\u00e7\u00e3o capilar \u00e9 um desejo que transcende gera\u00e7\u00f5es e idades. A calv\u00edcie afeta pessoas de todas as idades...\" \/>\n<meta property=\"og:url\" content=\"https:\/\/www.brfue.com\/blog\/curiosidades\/ha-alguma-idade-minima-ou-maxima-para-se-submeter-a-um-transplante-capilar\/\" \/>\n<meta property=\"og:site_name\" content=\"BRFUE - Transplante Capilar em BH - Transplante Fio a Fio em BH\" \/>\n<meta property=\"article:published_time\" content=\"2023-09-13T16:48:24+00:00\" \/>\n<meta property=\"article:modified_time\" content=\"2023-09-13T16:48:25+00:00\" \/>\n<meta property=\"og:image\" content=\"https:\/\/www.brfue.com\/blog\/wp-content\/uploads\/2023\/09\/Ha-alguma-idade-minima-ou-maxima-para-se-submeter-a-um-transplante-capilar.png\" \/>\n\t<meta property=\"og:image:width\" content=\"300\" \/>\n\t<meta property=\"og:image:height\" content=\"93\" \/>\n\t<meta property=\"og:image:type\" content=\"image\/png\" \/>\n<meta name=\"author\" content=\"Editorial BR FUE Transplante Capilar Fio a Fio Transplante Capilar Fio a Fio\" \/>\n<meta name=\"twitter:card\" content=\"summary_large_image\" \/>\n<meta name=\"twitter:label1\" content=\"Escrito por\" \/>\n\t<meta name=\"twitter:data1\" content=\"Editorial BR FUE Transplante Capilar Fio a Fio Transplante Capilar Fio a Fio\" \/>\n\t<meta name=\"twitter:label2\" content=\"Est. tempo de leitura\" \/>\n\t<meta name=\"twitter:data2\" content=\"8 minutos\" \/>\n<script type=\"application\/ld+json\" class=\"yoast-schema-graph\">{\"@context\":\"https:\/\/schema.org\",\"@graph\":[{\"@type\":\"Article\",\"@id\":\"https:\/\/www.brfue.com\/blog\/curiosidades\/ha-alguma-idade-minima-ou-maxima-para-se-submeter-a-um-transplante-capilar\/#article\",\"isPartOf\":{\"@id\":\"https:\/\/www.brfue.com\/blog\/curiosidades\/ha-alguma-idade-minima-ou-maxima-para-se-submeter-a-um-transplante-capilar\/\"},\"author\":{\"name\":\"Editorial BR FUE Transplante Capilar Fio a Fio Transplante Capilar Fio a Fio\",\"@id\":\"https:\/\/www.brfue.com\/blog\/#\/schema\/person\/9a8dad77bcb8b498d1a2611b54d0c8e0\"},\"headline\":\"H\u00e1 alguma idade m\u00ednima ou m\u00e1xima para se submeter a um transplante capilar?\",\"datePublished\":\"2023-09-13T16:48:24+00:00\",\"dateModified\":\"2023-09-13T16:48:25+00:00\",\"mainEntityOfPage\":{\"@id\":\"https:\/\/www.brfue.com\/blog\/curiosidades\/ha-alguma-idade-minima-ou-maxima-para-se-submeter-a-um-transplante-capilar\/\"},\"wordCount\":1600,\"publisher\":{\"@id\":\"https:\/\/www.brfue.com\/blog\/#organization\"},\"image\":{\"@id\":\"https:\/\/www.brfue.com\/blog\/curiosidades\/ha-alguma-idade-minima-ou-maxima-para-se-submeter-a-um-transplante-capilar\/#primaryimage\"},\"thumbnailUrl\":\"https:\/\/www.brfue.com\/blog\/wp-content\/uploads\/2023\/09\/Ha-alguma-idade-minima-ou-maxima-para-se-submeter-a-um-transplante-capilar.png\",\"keywords\":[\"BRFUE\",\"Transplante Capilar\",\"Transplante Capilar idade\"],\"articleSection\":[\"Curiosidades\",\"Dicas\",\"Transplante Capilar\"],\"inLanguage\":\"pt-BR\"},{\"@type\":\"WebPage\",\"@id\":\"https:\/\/www.brfue.com\/blog\/curiosidades\/ha-alguma-idade-minima-ou-maxima-para-se-submeter-a-um-transplante-capilar\/\",\"url\":\"https:\/\/www.brfue.com\/blog\/curiosidades\/ha-alguma-idade-minima-ou-maxima-para-se-submeter-a-um-transplante-capilar\/\",\"name\":\"H\u00e1 alguma idade m\u00ednima ou m\u00e1xima para se submeter a um transplante capilar?\",\"isPartOf\":{\"@id\":\"https:\/\/www.brfue.com\/blog\/#website\"},\"primaryImageOfPage\":{\"@id\":\"https:\/\/www.brfue.com\/blog\/curiosidades\/ha-alguma-idade-minima-ou-maxima-para-se-submeter-a-um-transplante-capilar\/#primaryimage\"},\"image\":{\"@id\":\"https:\/\/www.brfue.com\/blog\/curiosidades\/ha-alguma-idade-minima-ou-maxima-para-se-submeter-a-um-transplante-capilar\/#primaryimage\"},\"thumbnailUrl\":\"https:\/\/www.brfue.com\/blog\/wp-content\/uploads\/2023\/09\/Ha-alguma-idade-minima-ou-maxima-para-se-submeter-a-um-transplante-capilar.png\",\"datePublished\":\"2023-09-13T16:48:24+00:00\",\"dateModified\":\"2023-09-13T16:48:25+00:00\",\"description\":\"A busca pela restaura\u00e7\u00e3o capilar \u00e9 um desejo que transcende gera\u00e7\u00f5es e idades. A calv\u00edcie afeta pessoas de todas as idades...\",\"breadcrumb\":{\"@id\":\"https:\/\/www.brfue.com\/blog\/curiosidades\/ha-alguma-idade-minima-ou-maxima-para-se-submeter-a-um-transplante-capilar\/#breadcrumb\"},\"inLanguage\":\"pt-BR\",\"potentialAction\":[{\"@type\":\"ReadAction\",\"target\":[\"https:\/\/www.brfue.com\/blog\/curiosidades\/ha-alguma-idade-minima-ou-maxima-para-se-submeter-a-um-transplante-capilar\/\"]}]},{\"@type\":\"ImageObject\",\"inLanguage\":\"pt-BR\",\"@id\":\"https:\/\/www.brfue.com\/blog\/curiosidades\/ha-alguma-idade-minima-ou-maxima-para-se-submeter-a-um-transplante-capilar\/#primaryimage\",\"url\":\"https:\/\/www.brfue.com\/blog\/wp-content\/uploads\/2023\/09\/Ha-alguma-idade-minima-ou-maxima-para-se-submeter-a-um-transplante-capilar.png\",\"contentUrl\":\"https:\/\/www.brfue.com\/blog\/wp-content\/uploads\/2023\/09\/Ha-alguma-idade-minima-ou-maxima-para-se-submeter-a-um-transplante-capilar.png\",\"width\":300,\"height\":93,\"caption\":\"H\u00e1 alguma idade m\u00ednima ou m\u00e1xima para se submeter a um transplante capilar?\"},{\"@type\":\"BreadcrumbList\",\"@id\":\"https:\/\/www.brfue.com\/blog\/curiosidades\/ha-alguma-idade-minima-ou-maxima-para-se-submeter-a-um-transplante-capilar\/#breadcrumb\",\"itemListElement\":[{\"@type\":\"ListItem\",\"position\":1,\"name\":\"In\u00edcio\",\"item\":\"https:\/\/www.brfue.com\/blog\/\"},{\"@type\":\"ListItem\",\"position\":2,\"name\":\"H\u00e1 alguma idade m\u00ednima ou m\u00e1xima para se submeter a um transplante capilar?\"}]},{\"@type\":\"WebSite\",\"@id\":\"https:\/\/www.brfue.com\/blog\/#website\",\"url\":\"https:\/\/www.brfue.com\/blog\/\",\"name\":\"BRFUE - Transplante Capilar em BH - Transplante Fio a Fio em BH\",\"description\":\"Transplante Capilar em BH- Transplante Fio a Fio em BH\",\"publisher\":{\"@id\":\"https:\/\/www.brfue.com\/blog\/#organization\"},\"potentialAction\":[{\"@type\":\"SearchAction\",\"target\":{\"@type\":\"EntryPoint\",\"urlTemplate\":\"https:\/\/www.brfue.com\/blog\/?s={search_term_string}\"},\"query-input\":{\"@type\":\"PropertyValueSpecification\",\"valueRequired\":true,\"valueName\":\"search_term_string\"}}],\"inLanguage\":\"pt-BR\"},{\"@type\":\"Organization\",\"@id\":\"https:\/\/www.brfue.com\/blog\/#organization\",\"name\":\"BRFUE - Transplante Capilar em BH - Transplante Fio a Fio em BH\",\"url\":\"https:\/\/www.brfue.com\/blog\/\",\"logo\":{\"@type\":\"ImageObject\",\"inLanguage\":\"pt-BR\",\"@id\":\"https:\/\/www.brfue.com\/blog\/#\/schema\/logo\/image\/\",\"url\":\"https:\/\/www.brfue.com\/blog\/wp-content\/uploads\/2022\/11\/logo-white.png\",\"contentUrl\":\"https:\/\/www.brfue.com\/blog\/wp-content\/uploads\/2022\/11\/logo-white.png\",\"width\":82,\"height\":20,\"caption\":\"BRFUE - Transplante Capilar em BH - Transplante Fio a Fio  em BH\"},\"image\":{\"@id\":\"https:\/\/www.brfue.com\/blog\/#\/schema\/logo\/image\/\"}},{\"@type\":\"Person\",\"@id\":\"https:\/\/www.brfue.com\/blog\/#\/schema\/person\/9a8dad77bcb8b498d1a2611b54d0c8e0\",\"name\":\"Editorial BR FUE Transplante Capilar Fio a Fio Transplante Capilar Fio a Fio\",\"sameAs\":[\"https:\/\/brfue.com\/blog\"],\"url\":\"https:\/\/www.brfue.com\/blog\/author\/admin\/\"}]}<\/script>\n<!-- \/ Yoast SEO plugin. -->","yoast_head_json":{"title":"H\u00e1 alguma idade m\u00ednima ou m\u00e1xima para se submeter a um transplante capilar?","description":"A busca pela restaura\u00e7\u00e3o capilar \u00e9 um desejo que transcende gera\u00e7\u00f5es e idades. A calv\u00edcie afeta pessoas de todas as idades...","robots":{"index":"index","follow":"follow","max-snippet":"max-snippet:-1","max-image-preview":"max-image-preview:large","max-video-preview":"max-video-preview:-1"},"canonical":"https:\/\/www.brfue.com\/blog\/curiosidades\/ha-alguma-idade-minima-ou-maxima-para-se-submeter-a-um-transplante-capilar\/","og_locale":"pt_BR","og_type":"article","og_title":"H\u00e1 alguma idade m\u00ednima ou m\u00e1xima para se submeter a um transplante capilar?","og_description":"A busca pela restaura\u00e7\u00e3o capilar \u00e9 um desejo que transcende gera\u00e7\u00f5es e idades. A calv\u00edcie afeta pessoas de todas as idades...","og_url":"https:\/\/www.brfue.com\/blog\/curiosidades\/ha-alguma-idade-minima-ou-maxima-para-se-submeter-a-um-transplante-capilar\/","og_site_name":"BRFUE - Transplante Capilar em BH - Transplante Fio a Fio em BH","article_published_time":"2023-09-13T16:48:24+00:00","article_modified_time":"2023-09-13T16:48:25+00:00","og_image":[{"width":300,"height":93,"url":"https:\/\/www.brfue.com\/blog\/wp-content\/uploads\/2023\/09\/Ha-alguma-idade-minima-ou-maxima-para-se-submeter-a-um-transplante-capilar.png","type":"image\/png"}],"author":"Editorial BR FUE Transplante Capilar Fio a Fio Transplante Capilar Fio a Fio","twitter_card":"summary_large_image","twitter_misc":{"Escrito por":"Editorial BR FUE Transplante Capilar Fio a Fio Transplante Capilar Fio a Fio","Est. tempo de leitura":"8 minutos"},"schema":{"@context":"https:\/\/schema.org","@graph":[{"@type":"Article","@id":"https:\/\/www.brfue.com\/blog\/curiosidades\/ha-alguma-idade-minima-ou-maxima-para-se-submeter-a-um-transplante-capilar\/#article","isPartOf":{"@id":"https:\/\/www.brfue.com\/blog\/curiosidades\/ha-alguma-idade-minima-ou-maxima-para-se-submeter-a-um-transplante-capilar\/"},"author":{"name":"Editorial BR FUE Transplante Capilar Fio a Fio Transplante Capilar Fio a Fio","@id":"https:\/\/www.brfue.com\/blog\/#\/schema\/person\/9a8dad77bcb8b498d1a2611b54d0c8e0"},"headline":"H\u00e1 alguma idade m\u00ednima ou m\u00e1xima para se submeter a um transplante capilar?","datePublished":"2023-09-13T16:48:24+00:00","dateModified":"2023-09-13T16:48:25+00:00","mainEntityOfPage":{"@id":"https:\/\/www.brfue.com\/blog\/curiosidades\/ha-alguma-idade-minima-ou-maxima-para-se-submeter-a-um-transplante-capilar\/"},"wordCount":1600,"publisher":{"@id":"https:\/\/www.brfue.com\/blog\/#organization"},"image":{"@id":"https:\/\/www.brfue.com\/blog\/curiosidades\/ha-alguma-idade-minima-ou-maxima-para-se-submeter-a-um-transplante-capilar\/#primaryimage"},"thumbnailUrl":"https:\/\/www.brfue.com\/blog\/wp-content\/uploads\/2023\/09\/Ha-alguma-idade-minima-ou-maxima-para-se-submeter-a-um-transplante-capilar.png","keywords":["BRFUE","Transplante Capilar","Transplante Capilar idade"],"articleSection":["Curiosidades","Dicas","Transplante Capilar"],"inLanguage":"pt-BR"},{"@type":"WebPage","@id":"https:\/\/www.brfue.com\/blog\/curiosidades\/ha-alguma-idade-minima-ou-maxima-para-se-submeter-a-um-transplante-capilar\/","url":"https:\/\/www.brfue.com\/blog\/curiosidades\/ha-alguma-idade-minima-ou-maxima-para-se-submeter-a-um-transplante-capilar\/","name":"H\u00e1 alguma idade m\u00ednima ou m\u00e1xima para se submeter a um transplante capilar?","isPartOf":{"@id":"https:\/\/www.brfue.com\/blog\/#website"},"primaryImageOfPage":{"@id":"https:\/\/www.brfue.com\/blog\/curiosidades\/ha-alguma-idade-minima-ou-maxima-para-se-submeter-a-um-transplante-capilar\/#primaryimage"},"image":{"@id":"https:\/\/www.brfue.com\/blog\/curiosidades\/ha-alguma-idade-minima-ou-maxima-para-se-submeter-a-um-transplante-capilar\/#primaryimage"},"thumbnailUrl":"https:\/\/www.brfue.com\/blog\/wp-content\/uploads\/2023\/09\/Ha-alguma-idade-minima-ou-maxima-para-se-submeter-a-um-transplante-capilar.png","datePublished":"2023-09-13T16:48:24+00:00","dateModified":"2023-09-13T16:48:25+00:00","description":"A busca pela restaura\u00e7\u00e3o capilar \u00e9 um desejo que transcende gera\u00e7\u00f5es e idades. A calv\u00edcie afeta pessoas de todas as idades...","breadcrumb":{"@id":"https:\/\/www.brfue.com\/blog\/curiosidades\/ha-alguma-idade-minima-ou-maxima-para-se-submeter-a-um-transplante-capilar\/#breadcrumb"},"inLanguage":"pt-BR","potentialAction":[{"@type":"ReadAction","target":["https:\/\/www.brfue.com\/blog\/curiosidades\/ha-alguma-idade-minima-ou-maxima-para-se-submeter-a-um-transplante-capilar\/"]}]},{"@type":"ImageObject","inLanguage":"pt-BR","@id":"https:\/\/www.brfue.com\/blog\/curiosidades\/ha-alguma-idade-minima-ou-maxima-para-se-submeter-a-um-transplante-capilar\/#primaryimage","url":"https:\/\/www.brfue.com\/blog\/wp-content\/uploads\/2023\/09\/Ha-alguma-idade-minima-ou-maxima-para-se-submeter-a-um-transplante-capilar.png","contentUrl":"https:\/\/www.brfue.com\/blog\/wp-content\/uploads\/2023\/09\/Ha-alguma-idade-minima-ou-maxima-para-se-submeter-a-um-transplante-capilar.png","width":300,"height":93,"caption":"H\u00e1 alguma idade m\u00ednima ou m\u00e1xima para se submeter a um transplante capilar?"},{"@type":"BreadcrumbList","@id":"https:\/\/www.brfue.com\/blog\/curiosidades\/ha-alguma-idade-minima-ou-maxima-para-se-submeter-a-um-transplante-capilar\/#breadcrumb","itemListElement":[{"@type":"ListItem","position":1,"name":"In\u00edcio","item":"https:\/\/www.brfue.com\/blog\/"},{"@type":"ListItem","position":2,"name":"H\u00e1 alguma idade m\u00ednima ou m\u00e1xima para se submeter a um transplante capilar?"}]},{"@type":"WebSite","@id":"https:\/\/www.brfue.com\/blog\/#website","url":"https:\/\/www.brfue.com\/blog\/","name":"BRFUE - Transplante Capilar em BH - Transplante Fio a Fio em BH","description":"Transplante Capilar em BH- Transplante Fio a Fio em BH","publisher":{"@id":"https:\/\/www.brfue.com\/blog\/#organization"},"potentialAction":[{"@type":"SearchAction","target":{"@type":"EntryPoint","urlTemplate":"https:\/\/www.brfue.com\/blog\/?s={search_term_string}"},"query-input":{"@type":"PropertyValueSpecification","valueRequired":true,"valueName":"search_term_string"}}],"inLanguage":"pt-BR"},{"@type":"Organization","@id":"https:\/\/www.brfue.com\/blog\/#organization","name":"BRFUE - Transplante Capilar em BH - Transplante Fio a Fio em BH","url":"https:\/\/www.brfue.com\/blog\/","logo":{"@type":"ImageObject","inLanguage":"pt-BR","@id":"https:\/\/www.brfue.com\/blog\/#\/schema\/logo\/image\/","url":"https:\/\/www.brfue.com\/blog\/wp-content\/uploads\/2022\/11\/logo-white.png","contentUrl":"https:\/\/www.brfue.com\/blog\/wp-content\/uploads\/2022\/11\/logo-white.png","width":82,"height":20,"caption":"BRFUE - Transplante Capilar em BH - Transplante Fio a Fio  em BH"},"image":{"@id":"https:\/\/www.brfue.com\/blog\/#\/schema\/logo\/image\/"}},{"@type":"Person","@id":"https:\/\/www.brfue.com\/blog\/#\/schema\/person\/9a8dad77bcb8b498d1a2611b54d0c8e0","name":"Editorial BR FUE Transplante Capilar Fio a Fio Transplante Capilar Fio a Fio","sameAs":["https:\/\/brfue.com\/blog"],"url":"https:\/\/www.brfue.com\/blog\/author\/admin\/"}]}},"_links":{"self":[{"href":"https:\/\/www.brfue.com\/blog\/wp-json\/wp\/v2\/posts\/975","targetHints":{"allow":["GET"]}}],"collection":[{"href":"https:\/\/www.brfue.com\/blog\/wp-json\/wp\/v2\/posts"}],"about":[{"href":"https:\/\/www.brfue.com\/blog\/wp-json\/wp\/v2\/types\/post"}],"author":[{"embeddable":true,"href":"https:\/\/www.brfue.com\/blog\/wp-json\/wp\/v2\/users\/1"}],"replies":[{"embeddable":true,"href":"https:\/\/www.brfue.com\/blog\/wp-json\/wp\/v2\/comments?post=975"}],"version-history":[{"count":1,"href":"https:\/\/www.brfue.com\/blog\/wp-json\/wp\/v2\/posts\/975\/revisions"}],"predecessor-version":[{"id":977,"href":"https:\/\/www.brfue.com\/blog\/wp-json\/wp\/v2\/posts\/975\/revisions\/977"}],"wp:featuredmedia":[{"embeddable":true,"href":"https:\/\/www.brfue.com\/blog\/wp-json\/wp\/v2\/media\/976"}],"wp:attachment":[{"href":"https:\/\/www.brfue.com\/blog\/wp-json\/wp\/v2\/media?parent=975"}],"wp:term":[{"taxonomy":"category","embeddable":true,"href":"https:\/\/www.brfue.com\/blog\/wp-json\/wp\/v2\/categories?post=975"},{"taxonomy":"post_tag","embeddable":true,"href":"https:\/\/www.brfue.com\/blog\/wp-json\/wp\/v2\/tags?post=975"}],"curies":[{"name":"wp","href":"https:\/\/api.w.org\/{rel}","templated":true}]}}