{"id":954,"date":"2023-08-09T12:59:00","date_gmt":"2023-08-09T12:59:00","guid":{"rendered":"https:\/\/www.brfue.com\/blog\/?p=954"},"modified":"2023-08-09T12:59:00","modified_gmt":"2023-08-09T12:59:00","slug":"qual-a-funcao-do-foliculo-piloso-dicas-e-informacoes","status":"publish","type":"post","link":"https:\/\/www.brfue.com\/blog\/curiosidades\/qual-a-funcao-do-foliculo-piloso-dicas-e-informacoes\/","title":{"rendered":"Qual a fun\u00e7\u00e3o do fol\u00edculo piloso? Dicas e informa\u00e7\u00f5es!"},"content":{"rendered":"\n<p>O <strong><a href=\"https:\/\/www.brfue.com\/\">fol\u00edculo piloso<\/a><\/strong>: um min\u00fasculo universo que desempenha um papel colossal. Aninhado profundamente na pele, esse pequeno inv\u00f3lucro desempenha um papel essencial na sa\u00fade e apar\u00eancia dos nossos cabelos. Mais do que apenas uma passagem para os fios, o fol\u00edculo piloso \u00e9 um epicentro de vitalidade capilar.<\/p>\n\n\n\n<p>Imagine-o como uma f\u00e1brica intrincada, onde cada etapa da produ\u00e7\u00e3o capilar acontece em harmonia. Desde a forma\u00e7\u00e3o da raiz at\u00e9 a estrutura da haste, o fol\u00edculo piloso \u00e9 o maestro dessa sinfonia biol\u00f3gica. A vital circula\u00e7\u00e3o sangu\u00ednea proporciona os nutrientes necess\u00e1rios para o crescimento e regenera\u00e7\u00e3o dos cabelos, enquanto as gl\u00e2ndulas seb\u00e1ceas mant\u00eam o equil\u00edbrio de hidrata\u00e7\u00e3o.<\/p>\n\n\n\n<p>Entender a fun\u00e7\u00e3o do fol\u00edculo piloso \u00e9 desvendar os segredos de uma cabeleira exuberante. Cuidados adequados, como limpeza e massagem do couro cabeludo, estimulam a sa\u00fade do fol\u00edculo, resultando em cabelos mais fortes e vibrantes. Ao compreender sua import\u00e2ncia, podemos nutrir nosso cabelo desde a raiz, cultivando n\u00e3o apenas um visual impressionante, mas tamb\u00e9m uma confian\u00e7a radiante.<\/p>\n\n\n\n<p><strong>\u00cdNDICE:<\/strong><\/p>\n\n\n\n<ul class=\"wp-block-list\">\n<li>O que \u00e9 fol\u00edculo piloso?<\/li>\n\n\n\n<li>Produ\u00e7\u00e3o de Cabelo e Pelos<\/li>\n\n\n\n<li>Ciclo de Crescimento do Cabelo<\/li>\n\n\n\n<li>Secre\u00e7\u00e3o de Sebo e Nutri\u00e7\u00e3o Capilar<\/li>\n\n\n\n<li>Sensibilidade T\u00e1til e Sensorial<\/li>\n\n\n\n<li>Fun\u00e7\u00e3o Imunol\u00f3gica e Prote\u00e7\u00e3o<\/li>\n\n\n\n<li>Conclus\u00e3o!<\/li>\n<\/ul>\n\n\n\n<figure class=\"wp-block-embed is-type-wp-embed is-provider-brfue-transplante-capilar-em-bh-transplante-fio-a-fio-em-bh wp-block-embed-brfue-transplante-capilar-em-bh-transplante-fio-a-fio-em-bh\"><div class=\"wp-block-embed__wrapper\">\n<blockquote class=\"wp-embedded-content\" data-secret=\"Y05DOJbRwV\"><a href=\"https:\/\/www.brfue.com\/blog\/curiosidades\/transplante-capilar-fue-em-bh-tecnica-pouco-agressiva\/\">Transplante Capilar FUE em BH &#8211; T\u00e9cnica pouco agressiva!<\/a><\/blockquote><iframe loading=\"lazy\" class=\"wp-embedded-content\" sandbox=\"allow-scripts\" security=\"restricted\" style=\"position: absolute; clip: rect(1px, 1px, 1px, 1px);\" title=\"&#8220;Transplante Capilar FUE em BH &#8211; T\u00e9cnica pouco agressiva!&#8221; &#8212; BRFUE - Transplante Capilar em BH - Transplante Fio a Fio  em BH\" src=\"https:\/\/www.brfue.com\/blog\/curiosidades\/transplante-capilar-fue-em-bh-tecnica-pouco-agressiva\/embed\/#?secret=gqLpFFbSyM#?secret=Y05DOJbRwV\" data-secret=\"Y05DOJbRwV\" width=\"500\" height=\"282\" frameborder=\"0\" marginwidth=\"0\" marginheight=\"0\" scrolling=\"no\"><\/iframe>\n<\/div><\/figure>\n\n\n\n<p><strong>O que \u00e9 fol\u00edculo piloso?<\/strong><\/p>\n\n\n\n<p>O <strong><a href=\"https:\/\/www.brfue.com\/blog\/category\/dicas\/\">fol\u00edculo piloso<\/a><\/strong> \u00e9 uma estrutura aninhada na derme, a camada mais profunda da pele, e \u00e9 respons\u00e1vel pelo crescimento e regenera\u00e7\u00e3o dos cabelos. \u00c9 uma estrutura complexa que inclui v\u00e1rias partes, como a raiz do cabelo, a matriz capilar, a papila d\u00e9rmica e as gl\u00e2ndulas seb\u00e1ceas.<\/p>\n\n\n\n<p>A raiz do cabelo est\u00e1 ancorada no fol\u00edculo piloso e \u00e9 onde o cabelo \u00e9 formado. A matriz capilar, localizada na base da raiz, \u00e9 uma regi\u00e3o de c\u00e9lulas que se dividem rapidamente, dando origem ao crescimento do cabelo. A papila d\u00e9rmica \u00e9 uma pequena estrutura que fornece nutrientes e oxig\u00eanio \u00e0 matriz capilar, essenciais para o crescimento saud\u00e1vel dos fios.<\/p>\n\n\n\n<p>Al\u00e9m disso, as gl\u00e2ndulas seb\u00e1ceas, associadas aos fol\u00edculos pilosos, produzem \u00f3leo (sebo) que lubrifica o cabelo e a pele, ajudando a manter a hidrata\u00e7\u00e3o e protegendo contra a perda excessiva de \u00e1gua.<\/p>\n\n\n\n<p>O ciclo de crescimento do cabelo ocorre em diferentes fases: an\u00e1gena (crescimento ativo), cat\u00e1gena (transi\u00e7\u00e3o) e tel\u00f3gena (repouso e queda). Compreender a estrutura e fun\u00e7\u00e3o do fol\u00edculo piloso \u00e9 fundamental para a manuten\u00e7\u00e3o da sa\u00fade capilar e a compreens\u00e3o das causas de problemas como queda de cabelo e afinamento.<\/p>\n\n\n\n<p><strong>Produ\u00e7\u00e3o de Cabelo e Pelos<\/strong><\/p>\n\n\n\n<p>A produ\u00e7\u00e3o de cabelo e pelos \u00e9 um processo biol\u00f3gico fascinante que ocorre dentro dos <strong><a href=\"https:\/\/www.brfue.com\/blog\/\">fol\u00edculos pilosos<\/a><\/strong>, estruturas presentes na camada mais profunda da pele, chamada derme. Esses pequenos &#8220;bolsos&#8221; s\u00e3o respons\u00e1veis pela forma\u00e7\u00e3o, crescimento e regenera\u00e7\u00e3o dos fios capilares e pelos que cobrem nosso corpo.<\/p>\n\n\n\n<p>O processo come\u00e7a na raiz do cabelo, localizada no interior do fol\u00edculo piloso. A matriz capilar, uma regi\u00e3o de c\u00e9lulas especializadas, \u00e9 a f\u00e1brica onde ocorre a divis\u00e3o celular r\u00e1pida, dando origem ao novo cabelo ou pelo. \u00c0 medida que as c\u00e9lulas se dividem e se multiplicam, empurram o fio para cima, alongando-o.<\/p>\n\n\n\n<p>Enquanto isso, a papila d\u00e9rmica, uma pequena estrutura na base do fol\u00edculo, desempenha um papel crucial. Ela \u00e9 respons\u00e1vel por fornecer nutrientes e oxig\u00eanio \u00e0s c\u00e9lulas em crescimento na matriz capilar, garantindo um crescimento saud\u00e1vel e vigoroso.<\/p>\n\n\n\n<p>Al\u00e9m disso, as gl\u00e2ndulas seb\u00e1ceas associadas aos fol\u00edculos produzem \u00f3leo (sebo), que reveste o cabelo e a pele adjacente, mantendo-os hidratados e protegendo-os de danos externos.<\/p>\n\n\n\n<p>O ciclo de crescimento dos cabelos e pelos \u00e9 composto por diferentes fases. A fase an\u00e1gena \u00e9 a fase de crescimento ativo, durante a qual os fol\u00edculos produzem novos fios. Em seguida, vem a fase cat\u00e1gena, uma fase de transi\u00e7\u00e3o onde o crescimento para e a atividade das c\u00e9lulas diminui. Por fim, entra-se na fase tel\u00f3gena, um per\u00edodo de repouso antes da queda do cabelo antigo e do in\u00edcio da produ\u00e7\u00e3o de um novo fio.<\/p>\n\n\n\n<p>Compreender esse processo intricado \u00e9 essencial para cuidar adequadamente dos cabelos e pelos, promovendo a sa\u00fade capilar e mantendo a beleza natural do nosso corpo.<\/p>\n\n\n\n<p><strong>Ciclo de Crescimento do Cabelo<\/strong><\/p>\n\n\n\n<p>O ciclo de crescimento do cabelo, tamb\u00e9m conhecido como ciclo capilar, \u00e9 um processo cont\u00ednuo e complexo que envolve diferentes fases, desde o nascimento at\u00e9 a queda e regenera\u00e7\u00e3o de um novo fio. Essas fases s\u00e3o:<\/p>\n\n\n\n<ol class=\"wp-block-list\">\n<li><strong>Fase An\u00e1gena (Crescimento Ativo):<\/strong> Durante esta fase, as c\u00e9lulas da matriz capilar no fol\u00edculo piloso se multiplicam rapidamente, resultando no crescimento do cabelo. Essa \u00e9 a fase mais longa do ciclo, durando de 2 a 7 anos para cabelos no couro cabeludo. O comprimento m\u00e1ximo do cabelo \u00e9 determinado pela quanto tempo a fase an\u00e1gena dura.<\/li>\n\n\n\n<li><strong>Fase Cat\u00e1gena (Transi\u00e7\u00e3o):<\/strong> Esta \u00e9 uma fase de transi\u00e7\u00e3o breve que dura cerca de 2 a 3 semanas. Durante essa fase, a atividade das c\u00e9lulas na matriz capilar diminui, o fol\u00edculo encolhe e o cabelo para de crescer. Cerca de 1% do cabelo do couro cabeludo est\u00e1 nesta fase a qualquer momento.<\/li>\n\n\n\n<li><strong>Fase Tel\u00f3gena (Repouso e Queda):<\/strong> Nesta fase, que dura cerca de 3 a 4 meses, o cabelo est\u00e1 em repouso e fica preso no fol\u00edculo piloso, mas n\u00e3o est\u00e1 mais crescendo. Eventualmente, o cabelo velho \u00e9 empurrado para fora pelo novo cabelo que est\u00e1 come\u00e7ando a crescer na fase an\u00e1gena. Cerca de 10-15% do cabelo est\u00e1 nesta fase.<\/li>\n\n\n\n<li><strong>Fase Ex\u00f3gena (Nova Crescimento):<\/strong> Enquanto o cabelo antigo \u00e9 empurrado para fora durante a fase tel\u00f3gena, um novo cabelo come\u00e7a a crescer na raiz, marcando o in\u00edcio de um novo ciclo.<\/li>\n<\/ol>\n\n\n\n<p>O ciclo de crescimento do cabelo n\u00e3o ocorre uniformemente em todos os fol\u00edculos, o que significa que em qualquer momento, diferentes cabelos em sua cabe\u00e7a estar\u00e3o em diferentes fases do ciclo. Fatores como idade, gen\u00e9tica, horm\u00f4nios, sa\u00fade geral e cuidados capilares podem influenciar a dura\u00e7\u00e3o e a regularidade das fases do ciclo capilar. \u00c9 importante cuidar bem do cabelo para promover um ciclo saud\u00e1vel e minimizar problemas como a queda excessiva.<\/p>\n\n\n\n<p><strong>Secre\u00e7\u00e3o de Sebo e Nutri\u00e7\u00e3o Capilar<\/strong><\/p>\n\n\n\n<p>A secre\u00e7\u00e3o de sebo e a nutri\u00e7\u00e3o capilar s\u00e3o dois aspectos interconectados que desempenham um papel vital na sa\u00fade e na apar\u00eancia dos cabelos.<\/p>\n\n\n\n<p><strong>Secre\u00e7\u00e3o de Sebo:<\/strong> As gl\u00e2ndulas seb\u00e1ceas associadas aos fol\u00edculos pilosos s\u00e3o respons\u00e1veis pela produ\u00e7\u00e3o de sebo, um \u00f3leo natural que lubrifica o cabelo e o couro cabeludo. O sebo ajuda a manter a hidrata\u00e7\u00e3o, protege contra a perda excessiva de \u00e1gua e cria uma barreira protetora contra bact\u00e9rias e outros elementos prejudiciais. No entanto, uma produ\u00e7\u00e3o excessiva de sebo pode levar ao cabelo oleoso e ao desenvolvimento de problemas como a caspa.<\/p>\n\n\n\n<p><strong>Nutri\u00e7\u00e3o Capilar:<\/strong> A nutri\u00e7\u00e3o adequada \u00e9 essencial para o crescimento saud\u00e1vel dos cabelos. A matriz capilar, localizada na base do fol\u00edculo piloso, requer uma oferta constante de nutrientes, como vitaminas, minerais e amino\u00e1cidos, para sustentar a divis\u00e3o celular e o crescimento do cabelo. Uma dieta equilibrada e rica em prote\u00ednas, vitaminas do complexo B, vitamina E e minerais como zinco e ferro contribui para cabelos mais fortes e vibrantes.<\/p>\n\n\n\n<p>A conex\u00e3o entre sebo e nutri\u00e7\u00e3o capilar \u00e9 intr\u00ednseca. O sebo, al\u00e9m de suas fun\u00e7\u00f5es protetoras, pode atuar como um ve\u00edculo para a distribui\u00e7\u00e3o de vitaminas lipossol\u00faveis ao longo do cabelo, proporcionando um brilho natural e vitalidade. No entanto, um excesso de sebo pode tamb\u00e9m obstruir os fol\u00edculos, prejudicando o crescimento e levando a problemas como a queda de cabelo.<\/p>\n\n\n\n<p>Manter um equil\u00edbrio saud\u00e1vel \u00e9 fundamental. A higiene capilar adequada, incluindo a limpeza regular do couro cabeludo, ajuda a controlar a produ\u00e7\u00e3o de sebo e a prevenir a obstru\u00e7\u00e3o dos fol\u00edculos. Al\u00e9m disso, uma dieta nutritiva e o uso de produtos capilares adequados podem garantir que os cabelos recebam os nutrientes necess\u00e1rios para crescerem fortes, brilhantes e cheios de vitalidade.<\/p>\n\n\n\n<p><strong>Sensibilidade T\u00e1til e Sensorial<\/strong><\/p>\n\n\n\n<p>A sensibilidade t\u00e1til e sensorial desempenha um papel intrigante e vital nos fol\u00edculos pilosos, ampliando ainda mais nossa compreens\u00e3o de como o corpo interage com o ambiente. Os fol\u00edculos pilosos, al\u00e9m de sua fun\u00e7\u00e3o prim\u00e1ria no crescimento do cabelo e pelo, tamb\u00e9m possuem um papel sensorial crucial.<\/p>\n\n\n\n<p>Dentro e ao redor do fol\u00edculo piloso, h\u00e1 uma rede intricada de termina\u00e7\u00f5es nervosas especializadas que permitem perceber sensa\u00e7\u00f5es t\u00e1teis e sensoriais. Quando um cabelo \u00e9 tocado, movido ou mesmo quando a brisa ro\u00e7a a pele, essas termina\u00e7\u00f5es nervosas entram em a\u00e7\u00e3o, enviando sinais ao sistema nervoso central para processamento.<\/p>\n\n\n\n<p>Essa sensibilidade \u00e9 notavelmente mais aguda em certas \u00e1reas do corpo, como a ponta dos dedos, os l\u00e1bios e outras \u00e1reas com alta concentra\u00e7\u00e3o de fol\u00edculos pilosos. \u00c9 por isso que podemos sentir at\u00e9 o toque mais leve nessas regi\u00f5es. Essas sensa\u00e7\u00f5es s\u00e3o interpretadas pelo c\u00e9rebro, permitindo-nos compreender a textura, temperatura e press\u00e3o do que est\u00e1 tocando a pele.<\/p>\n\n\n\n<p>Al\u00e9m disso, os fol\u00edculos pilosos tamb\u00e9m desempenham um papel na sensa\u00e7\u00e3o de &#8220;formigamento&#8221; ou &#8220;arrepio&#8221; que sentimos quando algo estimula essas termina\u00e7\u00f5es nervosas. Esse fen\u00f4meno \u00e9 uma resposta sensorial complexa que pode ser desencadeada por est\u00edmulos emocionais, como medo ou excita\u00e7\u00e3o, e est\u00e1 conectado \u00e0 rea\u00e7\u00e3o do sistema nervoso aut\u00f4nomo.<\/p>\n\n\n\n<p>Assim, os fol\u00edculos pilosos n\u00e3o s\u00e3o apenas unidades de crescimento capilar, mas tamb\u00e9m participantes ativos na rica sinfonia sensorial do corpo. Eles nos conectam ao mundo exterior, permitindo-nos sentir e interagir com o ambiente de maneiras surpreendentes e sutis.<\/p>\n\n\n\n<p><strong>Fun\u00e7\u00e3o Imunol\u00f3gica e Prote\u00e7\u00e3o<\/strong><\/p>\n\n\n\n<p>Embora possa parecer surpreendente, os <strong><a href=\"https:\/\/www.brfue.com\/blog\/category\/curiosidades\/\">fol\u00edculos pilosos<\/a><\/strong> tamb\u00e9m desempenham um papel na fun\u00e7\u00e3o imunol\u00f3gica e prote\u00e7\u00e3o do corpo. Embora sua fun\u00e7\u00e3o principal seja o crescimento de cabelos e pelos, os fol\u00edculos pilosos t\u00eam uma rela\u00e7\u00e3o interessante com o sistema imunol\u00f3gico e a prote\u00e7\u00e3o do corpo contra invasores.<\/p>\n\n\n\n<p>As c\u00e9lulas imunes, como os gl\u00f3bulos brancos, t\u00eam a capacidade de migrar para \u00e1reas ao redor dos fol\u00edculos pilosos. Essas c\u00e9lulas podem estar prontas para responder a qualquer invas\u00e3o de microrganismos ou subst\u00e2ncias estranhas. O \u00f3rg\u00e3o imunol\u00f3gico associado \u00e0 pele, chamado de sistema imunol\u00f3gico cut\u00e2neo, monitora constantemente as \u00e1reas ao redor dos fol\u00edculos para detectar qualquer sinal de amea\u00e7a.<\/p>\n\n\n\n<p>Os fol\u00edculos pilosos tamb\u00e9m possuem gl\u00e2ndulas seb\u00e1ceas, que produzem sebo, um \u00f3leo que lubrifica o cabelo e a pele. Esse sebo, al\u00e9m de suas fun\u00e7\u00f5es de hidrata\u00e7\u00e3o, tamb\u00e9m tem propriedades antimicrobianas. Ele cont\u00e9m subst\u00e2ncias que podem ajudar a inibir o crescimento de bact\u00e9rias e fungos, contribuindo para a prote\u00e7\u00e3o da pele e do couro cabeludo.<\/p>\n\n\n\n<p>Al\u00e9m disso, os fol\u00edculos pilosos e as ra\u00edzes capilares podem servir como uma barreira f\u00edsica contra part\u00edculas e microrganismos, evitando sua entrada no corpo. Quando o cabelo \u00e9 tocado, por exemplo, pode agir como um sensor que nos alerta sobre a presen\u00e7a de algo estranho ou potencialmente prejudicial.<\/p>\n\n\n\n<p>Portanto, enquanto os fol\u00edculos pilosos s\u00e3o mais conhecidos por seu papel no crescimento do cabelo, eles tamb\u00e9m t\u00eam uma contribui\u00e7\u00e3o sutil, mas importante, na prote\u00e7\u00e3o do corpo contra amea\u00e7as externas e na fun\u00e7\u00e3o imunol\u00f3gica, trabalhando em conjunto com outras partes do sistema imunol\u00f3gico para manter nosso corpo seguro e saud\u00e1vel.<\/p>\n\n\n\n<figure class=\"wp-block-embed is-type-wp-embed is-provider-brfue-transplante-capilar-em-bh-transplante-fio-a-fio-em-bh wp-block-embed-brfue-transplante-capilar-em-bh-transplante-fio-a-fio-em-bh\"><div class=\"wp-block-embed__wrapper\">\n<blockquote class=\"wp-embedded-content\" data-secret=\"d3bBXgi68V\"><a href=\"https:\/\/www.brfue.com\/blog\/curiosidades\/transplante-capilar-em-pessoas-com-cabelo-afro\/\">Transplante capilar em pessoas com cabelo afro!<\/a><\/blockquote><iframe loading=\"lazy\" class=\"wp-embedded-content\" sandbox=\"allow-scripts\" security=\"restricted\" style=\"position: absolute; clip: rect(1px, 1px, 1px, 1px);\" title=\"&#8220;Transplante capilar em pessoas com cabelo afro!&#8221; &#8212; BRFUE - Transplante Capilar em BH - Transplante Fio a Fio  em BH\" src=\"https:\/\/www.brfue.com\/blog\/curiosidades\/transplante-capilar-em-pessoas-com-cabelo-afro\/embed\/#?secret=O37x5UhZ3i#?secret=d3bBXgi68V\" data-secret=\"d3bBXgi68V\" width=\"500\" height=\"282\" frameborder=\"0\" marginwidth=\"0\" marginheight=\"0\" scrolling=\"no\"><\/iframe>\n<\/div><\/figure>\n\n\n\n<p><strong>Conclus\u00e3o<\/strong><\/p>\n\n\n\n<p>Em suma, o <strong><a href=\"https:\/\/www.brfue.com\/blog\/category\/transplante-capilar\/\">fol\u00edculo piloso<\/a><\/strong> \u00e9 muito mais do que apenas a base de onde nossos cabelos crescem. \u00c9 um microcosmo biol\u00f3gico que desempenha um papel crucial na sa\u00fade e apar\u00eancia dos nossos cabelos. Ao entender sua fun\u00e7\u00e3o, podemos desvendar os segredos para um cabelo saud\u00e1vel e radiante.<\/p>\n\n\n\n<p>O fol\u00edculo piloso \u00e9 uma estrutura complexa que abriga a matriz capilar, a papila d\u00e9rmica e as gl\u00e2ndulas seb\u00e1ceas, todas trabalhando em conjunto para nutrir, fortalecer e proteger os cabelos. Atrav\u00e9s da circula\u00e7\u00e3o sangu\u00ednea, nutrientes vitais s\u00e3o entregues \u00e0 raiz do cabelo, permitindo um crescimento vigoroso. Enquanto isso, as gl\u00e2ndulas seb\u00e1ceas produzem sebo, um \u00f3leo natural que hidrata e protege os fios.<\/p>\n\n\n\n<p>Cuidar dos fol\u00edculos pilosos \u00e9 cuidar da raiz do problema, literalmente. Massagens suaves no couro cabeludo, higiene regular e uma dieta balanceada s\u00e3o formas de nutrir o fol\u00edculo e promover cabelos exuberantes. Ao compreender como o fol\u00edculo piloso funciona, podemos abra\u00e7ar uma abordagem hol\u00edstica para a sa\u00fade capilar e celebrar a beleza que come\u00e7a a partir da base. Lembre-se: ao cuidar dos fol\u00edculos, voc\u00ea est\u00e1 cultivando a confian\u00e7a e a vitalidade que brilham atrav\u00e9s de seus cabelos.<\/p>\n\n\n\n<p>Para saber mais informa\u00e7\u00f5es sobre o\u00a0fol\u00edculo piloso, consulte um de nossos especialistas agora mesmo!<\/p>\n\n\n\n<p>(31) 98497-7573<br>Email:&nbsp;<a href=\"mailto:drvitor@brfue.com\" target=\"_blank\" rel=\"noreferrer noopener\">drvitor@brfue.com<\/a><br><a href=\"https:\/\/www.brfue.com\/\">www.brfue.com<\/a><\/p>\n","protected":false},"excerpt":{"rendered":"<p>O fol\u00edculo piloso: um min\u00fasculo universo que desempenha um papel colossal. Aninhado profundamente na pele, esse pequeno inv\u00f3lucro desempenha um papel essencial na sa\u00fade e apar\u00eancia dos nossos cabelos. Mais do que apenas uma passagem para os fios, o fol\u00edculo piloso \u00e9 um epicentro de vitalidade capilar.<\/p>\n","protected":false},"author":1,"featured_media":955,"comment_status":"closed","ping_status":"open","sticky":false,"template":"","format":"standard","meta":{"site-sidebar-layout":"default","site-content-layout":"default","ast-global-header-display":"","ast-main-header-display":"","ast-hfb-above-header-display":"","ast-hfb-below-header-display":"","ast-hfb-mobile-header-display":"","site-post-title":"","ast-breadcrumbs-content":"","ast-featured-img":"","footer-sml-layout":"","theme-transparent-header-meta":"","adv-header-id-meta":"","stick-header-meta":"","header-above-stick-meta":"","header-main-stick-meta":"","header-below-stick-meta":"","footnotes":""},"categories":[9,1],"tags":[20,48,49],"class_list":["post-954","post","type-post","status-publish","format-standard","has-post-thumbnail","hentry","category-curiosidades","category-dicas","tag-brfue","tag-foliculo-piloso-dicas","tag-foliculo-piloso-informacoes"],"yoast_head":"<!-- This site is optimized with the Yoast SEO plugin v25.5 - https:\/\/yoast.com\/wordpress\/plugins\/seo\/ -->\n<title>Qual a fun\u00e7\u00e3o do fol\u00edculo piloso? Dicas e informa\u00e7\u00f5es!<\/title>\n<meta name=\"description\" content=\"O fol\u00edculo piloso: um min\u00fasculo universo que desempenha um papel colossal. Aninhado profundamente na pele, esse...\" \/>\n<meta name=\"robots\" content=\"index, follow, max-snippet:-1, max-image-preview:large, max-video-preview:-1\" \/>\n<link rel=\"canonical\" href=\"https:\/\/www.brfue.com\/blog\/curiosidades\/qual-a-funcao-do-foliculo-piloso-dicas-e-informacoes\/\" \/>\n<meta property=\"og:locale\" content=\"pt_BR\" \/>\n<meta property=\"og:type\" content=\"article\" \/>\n<meta property=\"og:title\" content=\"Qual a fun\u00e7\u00e3o do fol\u00edculo piloso? Dicas e informa\u00e7\u00f5es!\" \/>\n<meta property=\"og:description\" content=\"O fol\u00edculo piloso: um min\u00fasculo universo que desempenha um papel colossal. Aninhado profundamente na pele, esse...\" \/>\n<meta property=\"og:url\" content=\"https:\/\/www.brfue.com\/blog\/curiosidades\/qual-a-funcao-do-foliculo-piloso-dicas-e-informacoes\/\" \/>\n<meta property=\"og:site_name\" content=\"BRFUE - Transplante Capilar em BH - Transplante Fio a Fio em BH\" \/>\n<meta property=\"article:published_time\" content=\"2023-08-09T12:59:00+00:00\" \/>\n<meta property=\"og:image\" content=\"https:\/\/www.brfue.com\/blog\/wp-content\/uploads\/2023\/08\/Qual-a-funcao-do-foliculo-piloso-Dicas-e-informacoes.png\" \/>\n\t<meta property=\"og:image:width\" content=\"369\" \/>\n\t<meta property=\"og:image:height\" content=\"115\" \/>\n\t<meta property=\"og:image:type\" content=\"image\/png\" \/>\n<meta name=\"author\" content=\"Editorial BR FUE Transplante Capilar Fio a Fio Transplante Capilar Fio a Fio\" \/>\n<meta name=\"twitter:card\" content=\"summary_large_image\" \/>\n<meta name=\"twitter:label1\" content=\"Escrito por\" \/>\n\t<meta name=\"twitter:data1\" content=\"Editorial BR FUE Transplante Capilar Fio a Fio Transplante Capilar Fio a Fio\" \/>\n\t<meta name=\"twitter:label2\" content=\"Est. tempo de leitura\" \/>\n\t<meta name=\"twitter:data2\" content=\"11 minutos\" \/>\n<script type=\"application\/ld+json\" class=\"yoast-schema-graph\">{\"@context\":\"https:\/\/schema.org\",\"@graph\":[{\"@type\":\"Article\",\"@id\":\"https:\/\/www.brfue.com\/blog\/curiosidades\/qual-a-funcao-do-foliculo-piloso-dicas-e-informacoes\/#article\",\"isPartOf\":{\"@id\":\"https:\/\/www.brfue.com\/blog\/curiosidades\/qual-a-funcao-do-foliculo-piloso-dicas-e-informacoes\/\"},\"author\":{\"name\":\"Editorial BR FUE Transplante Capilar Fio a Fio Transplante Capilar Fio a Fio\",\"@id\":\"https:\/\/www.brfue.com\/blog\/#\/schema\/person\/9a8dad77bcb8b498d1a2611b54d0c8e0\"},\"headline\":\"Qual a fun\u00e7\u00e3o do fol\u00edculo piloso? Dicas e informa\u00e7\u00f5es!\",\"datePublished\":\"2023-08-09T12:59:00+00:00\",\"mainEntityOfPage\":{\"@id\":\"https:\/\/www.brfue.com\/blog\/curiosidades\/qual-a-funcao-do-foliculo-piloso-dicas-e-informacoes\/\"},\"wordCount\":2251,\"publisher\":{\"@id\":\"https:\/\/www.brfue.com\/blog\/#organization\"},\"image\":{\"@id\":\"https:\/\/www.brfue.com\/blog\/curiosidades\/qual-a-funcao-do-foliculo-piloso-dicas-e-informacoes\/#primaryimage\"},\"thumbnailUrl\":\"https:\/\/www.brfue.com\/blog\/wp-content\/uploads\/2023\/08\/Qual-a-funcao-do-foliculo-piloso-Dicas-e-informacoes.png\",\"keywords\":[\"BRFUE\",\"fol\u00edculo piloso dicas\",\"fol\u00edculo piloso informa\u00e7\u00f5es\"],\"articleSection\":[\"Curiosidades\",\"Dicas\"],\"inLanguage\":\"pt-BR\"},{\"@type\":\"WebPage\",\"@id\":\"https:\/\/www.brfue.com\/blog\/curiosidades\/qual-a-funcao-do-foliculo-piloso-dicas-e-informacoes\/\",\"url\":\"https:\/\/www.brfue.com\/blog\/curiosidades\/qual-a-funcao-do-foliculo-piloso-dicas-e-informacoes\/\",\"name\":\"Qual a fun\u00e7\u00e3o do fol\u00edculo piloso? Dicas e informa\u00e7\u00f5es!\",\"isPartOf\":{\"@id\":\"https:\/\/www.brfue.com\/blog\/#website\"},\"primaryImageOfPage\":{\"@id\":\"https:\/\/www.brfue.com\/blog\/curiosidades\/qual-a-funcao-do-foliculo-piloso-dicas-e-informacoes\/#primaryimage\"},\"image\":{\"@id\":\"https:\/\/www.brfue.com\/blog\/curiosidades\/qual-a-funcao-do-foliculo-piloso-dicas-e-informacoes\/#primaryimage\"},\"thumbnailUrl\":\"https:\/\/www.brfue.com\/blog\/wp-content\/uploads\/2023\/08\/Qual-a-funcao-do-foliculo-piloso-Dicas-e-informacoes.png\",\"datePublished\":\"2023-08-09T12:59:00+00:00\",\"description\":\"O fol\u00edculo piloso: um min\u00fasculo universo que desempenha um papel colossal. Aninhado profundamente na pele, esse...\",\"breadcrumb\":{\"@id\":\"https:\/\/www.brfue.com\/blog\/curiosidades\/qual-a-funcao-do-foliculo-piloso-dicas-e-informacoes\/#breadcrumb\"},\"inLanguage\":\"pt-BR\",\"potentialAction\":[{\"@type\":\"ReadAction\",\"target\":[\"https:\/\/www.brfue.com\/blog\/curiosidades\/qual-a-funcao-do-foliculo-piloso-dicas-e-informacoes\/\"]}]},{\"@type\":\"ImageObject\",\"inLanguage\":\"pt-BR\",\"@id\":\"https:\/\/www.brfue.com\/blog\/curiosidades\/qual-a-funcao-do-foliculo-piloso-dicas-e-informacoes\/#primaryimage\",\"url\":\"https:\/\/www.brfue.com\/blog\/wp-content\/uploads\/2023\/08\/Qual-a-funcao-do-foliculo-piloso-Dicas-e-informacoes.png\",\"contentUrl\":\"https:\/\/www.brfue.com\/blog\/wp-content\/uploads\/2023\/08\/Qual-a-funcao-do-foliculo-piloso-Dicas-e-informacoes.png\",\"width\":369,\"height\":115,\"caption\":\"Qual a fun\u00e7\u00e3o do fol\u00edculo piloso? Dicas e informa\u00e7\u00f5es!\"},{\"@type\":\"BreadcrumbList\",\"@id\":\"https:\/\/www.brfue.com\/blog\/curiosidades\/qual-a-funcao-do-foliculo-piloso-dicas-e-informacoes\/#breadcrumb\",\"itemListElement\":[{\"@type\":\"ListItem\",\"position\":1,\"name\":\"In\u00edcio\",\"item\":\"https:\/\/www.brfue.com\/blog\/\"},{\"@type\":\"ListItem\",\"position\":2,\"name\":\"Qual a fun\u00e7\u00e3o do fol\u00edculo piloso? Dicas e informa\u00e7\u00f5es!\"}]},{\"@type\":\"WebSite\",\"@id\":\"https:\/\/www.brfue.com\/blog\/#website\",\"url\":\"https:\/\/www.brfue.com\/blog\/\",\"name\":\"BRFUE - Transplante Capilar em BH - Transplante Fio a Fio em BH\",\"description\":\"Transplante Capilar em BH- Transplante Fio a Fio em BH\",\"publisher\":{\"@id\":\"https:\/\/www.brfue.com\/blog\/#organization\"},\"potentialAction\":[{\"@type\":\"SearchAction\",\"target\":{\"@type\":\"EntryPoint\",\"urlTemplate\":\"https:\/\/www.brfue.com\/blog\/?s={search_term_string}\"},\"query-input\":{\"@type\":\"PropertyValueSpecification\",\"valueRequired\":true,\"valueName\":\"search_term_string\"}}],\"inLanguage\":\"pt-BR\"},{\"@type\":\"Organization\",\"@id\":\"https:\/\/www.brfue.com\/blog\/#organization\",\"name\":\"BRFUE - Transplante Capilar em BH - Transplante Fio a Fio em BH\",\"url\":\"https:\/\/www.brfue.com\/blog\/\",\"logo\":{\"@type\":\"ImageObject\",\"inLanguage\":\"pt-BR\",\"@id\":\"https:\/\/www.brfue.com\/blog\/#\/schema\/logo\/image\/\",\"url\":\"https:\/\/www.brfue.com\/blog\/wp-content\/uploads\/2022\/11\/logo-white.png\",\"contentUrl\":\"https:\/\/www.brfue.com\/blog\/wp-content\/uploads\/2022\/11\/logo-white.png\",\"width\":82,\"height\":20,\"caption\":\"BRFUE - Transplante Capilar em BH - Transplante Fio a Fio  em BH\"},\"image\":{\"@id\":\"https:\/\/www.brfue.com\/blog\/#\/schema\/logo\/image\/\"}},{\"@type\":\"Person\",\"@id\":\"https:\/\/www.brfue.com\/blog\/#\/schema\/person\/9a8dad77bcb8b498d1a2611b54d0c8e0\",\"name\":\"Editorial BR FUE Transplante Capilar Fio a Fio Transplante Capilar Fio a Fio\",\"sameAs\":[\"https:\/\/brfue.com\/blog\"],\"url\":\"https:\/\/www.brfue.com\/blog\/author\/admin\/\"}]}<\/script>\n<!-- \/ Yoast SEO plugin. -->","yoast_head_json":{"title":"Qual a fun\u00e7\u00e3o do fol\u00edculo piloso? Dicas e informa\u00e7\u00f5es!","description":"O fol\u00edculo piloso: um min\u00fasculo universo que desempenha um papel colossal. Aninhado profundamente na pele, esse...","robots":{"index":"index","follow":"follow","max-snippet":"max-snippet:-1","max-image-preview":"max-image-preview:large","max-video-preview":"max-video-preview:-1"},"canonical":"https:\/\/www.brfue.com\/blog\/curiosidades\/qual-a-funcao-do-foliculo-piloso-dicas-e-informacoes\/","og_locale":"pt_BR","og_type":"article","og_title":"Qual a fun\u00e7\u00e3o do fol\u00edculo piloso? Dicas e informa\u00e7\u00f5es!","og_description":"O fol\u00edculo piloso: um min\u00fasculo universo que desempenha um papel colossal. Aninhado profundamente na pele, esse...","og_url":"https:\/\/www.brfue.com\/blog\/curiosidades\/qual-a-funcao-do-foliculo-piloso-dicas-e-informacoes\/","og_site_name":"BRFUE - Transplante Capilar em BH - Transplante Fio a Fio em BH","article_published_time":"2023-08-09T12:59:00+00:00","og_image":[{"width":369,"height":115,"url":"https:\/\/www.brfue.com\/blog\/wp-content\/uploads\/2023\/08\/Qual-a-funcao-do-foliculo-piloso-Dicas-e-informacoes.png","type":"image\/png"}],"author":"Editorial BR FUE Transplante Capilar Fio a Fio Transplante Capilar Fio a Fio","twitter_card":"summary_large_image","twitter_misc":{"Escrito por":"Editorial BR FUE Transplante Capilar Fio a Fio Transplante Capilar Fio a Fio","Est. tempo de leitura":"11 minutos"},"schema":{"@context":"https:\/\/schema.org","@graph":[{"@type":"Article","@id":"https:\/\/www.brfue.com\/blog\/curiosidades\/qual-a-funcao-do-foliculo-piloso-dicas-e-informacoes\/#article","isPartOf":{"@id":"https:\/\/www.brfue.com\/blog\/curiosidades\/qual-a-funcao-do-foliculo-piloso-dicas-e-informacoes\/"},"author":{"name":"Editorial BR FUE Transplante Capilar Fio a Fio Transplante Capilar Fio a Fio","@id":"https:\/\/www.brfue.com\/blog\/#\/schema\/person\/9a8dad77bcb8b498d1a2611b54d0c8e0"},"headline":"Qual a fun\u00e7\u00e3o do fol\u00edculo piloso? Dicas e informa\u00e7\u00f5es!","datePublished":"2023-08-09T12:59:00+00:00","mainEntityOfPage":{"@id":"https:\/\/www.brfue.com\/blog\/curiosidades\/qual-a-funcao-do-foliculo-piloso-dicas-e-informacoes\/"},"wordCount":2251,"publisher":{"@id":"https:\/\/www.brfue.com\/blog\/#organization"},"image":{"@id":"https:\/\/www.brfue.com\/blog\/curiosidades\/qual-a-funcao-do-foliculo-piloso-dicas-e-informacoes\/#primaryimage"},"thumbnailUrl":"https:\/\/www.brfue.com\/blog\/wp-content\/uploads\/2023\/08\/Qual-a-funcao-do-foliculo-piloso-Dicas-e-informacoes.png","keywords":["BRFUE","fol\u00edculo piloso dicas","fol\u00edculo piloso informa\u00e7\u00f5es"],"articleSection":["Curiosidades","Dicas"],"inLanguage":"pt-BR"},{"@type":"WebPage","@id":"https:\/\/www.brfue.com\/blog\/curiosidades\/qual-a-funcao-do-foliculo-piloso-dicas-e-informacoes\/","url":"https:\/\/www.brfue.com\/blog\/curiosidades\/qual-a-funcao-do-foliculo-piloso-dicas-e-informacoes\/","name":"Qual a fun\u00e7\u00e3o do fol\u00edculo piloso? Dicas e informa\u00e7\u00f5es!","isPartOf":{"@id":"https:\/\/www.brfue.com\/blog\/#website"},"primaryImageOfPage":{"@id":"https:\/\/www.brfue.com\/blog\/curiosidades\/qual-a-funcao-do-foliculo-piloso-dicas-e-informacoes\/#primaryimage"},"image":{"@id":"https:\/\/www.brfue.com\/blog\/curiosidades\/qual-a-funcao-do-foliculo-piloso-dicas-e-informacoes\/#primaryimage"},"thumbnailUrl":"https:\/\/www.brfue.com\/blog\/wp-content\/uploads\/2023\/08\/Qual-a-funcao-do-foliculo-piloso-Dicas-e-informacoes.png","datePublished":"2023-08-09T12:59:00+00:00","description":"O fol\u00edculo piloso: um min\u00fasculo universo que desempenha um papel colossal. Aninhado profundamente na pele, esse...","breadcrumb":{"@id":"https:\/\/www.brfue.com\/blog\/curiosidades\/qual-a-funcao-do-foliculo-piloso-dicas-e-informacoes\/#breadcrumb"},"inLanguage":"pt-BR","potentialAction":[{"@type":"ReadAction","target":["https:\/\/www.brfue.com\/blog\/curiosidades\/qual-a-funcao-do-foliculo-piloso-dicas-e-informacoes\/"]}]},{"@type":"ImageObject","inLanguage":"pt-BR","@id":"https:\/\/www.brfue.com\/blog\/curiosidades\/qual-a-funcao-do-foliculo-piloso-dicas-e-informacoes\/#primaryimage","url":"https:\/\/www.brfue.com\/blog\/wp-content\/uploads\/2023\/08\/Qual-a-funcao-do-foliculo-piloso-Dicas-e-informacoes.png","contentUrl":"https:\/\/www.brfue.com\/blog\/wp-content\/uploads\/2023\/08\/Qual-a-funcao-do-foliculo-piloso-Dicas-e-informacoes.png","width":369,"height":115,"caption":"Qual a fun\u00e7\u00e3o do fol\u00edculo piloso? Dicas e informa\u00e7\u00f5es!"},{"@type":"BreadcrumbList","@id":"https:\/\/www.brfue.com\/blog\/curiosidades\/qual-a-funcao-do-foliculo-piloso-dicas-e-informacoes\/#breadcrumb","itemListElement":[{"@type":"ListItem","position":1,"name":"In\u00edcio","item":"https:\/\/www.brfue.com\/blog\/"},{"@type":"ListItem","position":2,"name":"Qual a fun\u00e7\u00e3o do fol\u00edculo piloso? Dicas e informa\u00e7\u00f5es!"}]},{"@type":"WebSite","@id":"https:\/\/www.brfue.com\/blog\/#website","url":"https:\/\/www.brfue.com\/blog\/","name":"BRFUE - Transplante Capilar em BH - Transplante Fio a Fio em BH","description":"Transplante Capilar em BH- Transplante Fio a Fio em BH","publisher":{"@id":"https:\/\/www.brfue.com\/blog\/#organization"},"potentialAction":[{"@type":"SearchAction","target":{"@type":"EntryPoint","urlTemplate":"https:\/\/www.brfue.com\/blog\/?s={search_term_string}"},"query-input":{"@type":"PropertyValueSpecification","valueRequired":true,"valueName":"search_term_string"}}],"inLanguage":"pt-BR"},{"@type":"Organization","@id":"https:\/\/www.brfue.com\/blog\/#organization","name":"BRFUE - Transplante Capilar em BH - Transplante Fio a Fio em BH","url":"https:\/\/www.brfue.com\/blog\/","logo":{"@type":"ImageObject","inLanguage":"pt-BR","@id":"https:\/\/www.brfue.com\/blog\/#\/schema\/logo\/image\/","url":"https:\/\/www.brfue.com\/blog\/wp-content\/uploads\/2022\/11\/logo-white.png","contentUrl":"https:\/\/www.brfue.com\/blog\/wp-content\/uploads\/2022\/11\/logo-white.png","width":82,"height":20,"caption":"BRFUE - Transplante Capilar em BH - Transplante Fio a Fio  em BH"},"image":{"@id":"https:\/\/www.brfue.com\/blog\/#\/schema\/logo\/image\/"}},{"@type":"Person","@id":"https:\/\/www.brfue.com\/blog\/#\/schema\/person\/9a8dad77bcb8b498d1a2611b54d0c8e0","name":"Editorial BR FUE Transplante Capilar Fio a Fio Transplante Capilar Fio a Fio","sameAs":["https:\/\/brfue.com\/blog"],"url":"https:\/\/www.brfue.com\/blog\/author\/admin\/"}]}},"_links":{"self":[{"href":"https:\/\/www.brfue.com\/blog\/wp-json\/wp\/v2\/posts\/954","targetHints":{"allow":["GET"]}}],"collection":[{"href":"https:\/\/www.brfue.com\/blog\/wp-json\/wp\/v2\/posts"}],"about":[{"href":"https:\/\/www.brfue.com\/blog\/wp-json\/wp\/v2\/types\/post"}],"author":[{"embeddable":true,"href":"https:\/\/www.brfue.com\/blog\/wp-json\/wp\/v2\/users\/1"}],"replies":[{"embeddable":true,"href":"https:\/\/www.brfue.com\/blog\/wp-json\/wp\/v2\/comments?post=954"}],"version-history":[{"count":1,"href":"https:\/\/www.brfue.com\/blog\/wp-json\/wp\/v2\/posts\/954\/revisions"}],"predecessor-version":[{"id":956,"href":"https:\/\/www.brfue.com\/blog\/wp-json\/wp\/v2\/posts\/954\/revisions\/956"}],"wp:featuredmedia":[{"embeddable":true,"href":"https:\/\/www.brfue.com\/blog\/wp-json\/wp\/v2\/media\/955"}],"wp:attachment":[{"href":"https:\/\/www.brfue.com\/blog\/wp-json\/wp\/v2\/media?parent=954"}],"wp:term":[{"taxonomy":"category","embeddable":true,"href":"https:\/\/www.brfue.com\/blog\/wp-json\/wp\/v2\/categories?post=954"},{"taxonomy":"post_tag","embeddable":true,"href":"https:\/\/www.brfue.com\/blog\/wp-json\/wp\/v2\/tags?post=954"}],"curies":[{"name":"wp","href":"https:\/\/api.w.org\/{rel}","templated":true}]}}