{"id":853,"date":"2023-04-19T13:32:01","date_gmt":"2023-04-19T13:32:01","guid":{"rendered":"https:\/\/www.brfue.com\/blog\/?p=853"},"modified":"2023-05-01T17:35:47","modified_gmt":"2023-05-01T17:35:47","slug":"o-que-e-calvicie-tipos-de-calvicie","status":"publish","type":"post","link":"https:\/\/www.brfue.com\/blog\/dicas\/o-que-e-calvicie-tipos-de-calvicie\/","title":{"rendered":"O que \u00e9 Calv\u00edcie &#8211; Tipos de Calv\u00edcie!"},"content":{"rendered":"\n<p>Voc\u00ea conhece os tipos de Calv\u00edcie? Est\u00e1 procurando por informa\u00e7\u00f5es sobre Calv\u00edcie? Veio ao lugar certo, continue lendo at\u00e9 o final!<\/p>\n\n\n\n<p><strong>\u00cdNDICE:<\/strong><\/p>\n\n\n\n<ul class=\"wp-block-list\">\n<li>O que \u00e9 calv\u00edcie?<\/li>\n\n\n\n<li>Quando a calv\u00edcie foi descoberta?<\/li>\n\n\n\n<li>O que pode causar a calv\u00edcie?<\/li>\n\n\n\n<li>20 dicas de como evitar a calv\u00edcie!<\/li>\n\n\n\n<li>Quais s\u00e3o os tipos de calv\u00edcie?<\/li>\n\n\n\n<li>Como contratar uma cl\u00ednica especializada em calv\u00edcie?<\/li>\n<\/ul>\n\n\n\n<h3 class=\"wp-block-heading\"><strong>O que \u00e9 calv\u00edcie?<\/strong><\/h3>\n\n\n\n<p>A <strong><mark style=\"background-color:rgba(0, 0, 0, 0)\" class=\"has-inline-color has-ast-global-color-0-color\"><a href=\"https:\/\/www.brfue.com\/\">calv\u00edcie<\/a><\/mark><\/strong> \u00e9 uma condi\u00e7\u00e3o em que h\u00e1 uma perda excessiva de cabelo, que pode levar \u00e0 queda total ou parcial dos fios. Geralmente, a calv\u00edcie ocorre de forma progressiva e \u00e9 mais comum em homens do que em mulheres.<\/p>\n\n\n\n<p>Existem v\u00e1rios tipos de calv\u00edcie, mas a mais comum \u00e9 a chamada alopecia androgen\u00e9tica, que \u00e9 causada pela a\u00e7\u00e3o dos horm\u00f4nios sexuais masculinos sobre os fol\u00edculos capilares. Nesse tipo de calv\u00edcie, a perda de cabelo come\u00e7a geralmente nas t\u00eamporas e na regi\u00e3o do topo da cabe\u00e7a, formando uma &#8220;coroa&#8221; de cabelo na parte de tr\u00e1s da cabe\u00e7a.<\/p>\n\n\n\n<p>Al\u00e9m da alopecia androgen\u00e9tica, a calv\u00edcie tamb\u00e9m pode ser causada por outros fatores, como doen\u00e7as autoimunes, infec\u00e7\u00f5es f\u00fangicas, estresse, traumas f\u00edsicos, uso de medicamentos e quimioterapia. Em alguns casos, a calv\u00edcie pode ser revers\u00edvel, mas em outros a perda de cabelo \u00e9 irrevers\u00edvel.<\/p>\n\n\n\n<p>Existem diversos tratamentos dispon\u00edveis para a calv\u00edcie, que incluem medicamentos, procedimentos cir\u00fargicos, terapia a laser e uso de perucas ou pr\u00f3teses capilares. \u00c9 importante que a escolha do tratamento seja feita com acompanhamento m\u00e9dico especializado, a fim de obter os melhores resultados poss\u00edveis.<\/p>\n\n\n\n<figure class=\"wp-block-embed is-type-wp-embed is-provider-brfue-transplante-capilar-em-bh-transplante-fio-a-fio-em-bh wp-block-embed-brfue-transplante-capilar-em-bh-transplante-fio-a-fio-em-bh\"><div class=\"wp-block-embed__wrapper\">\n<blockquote class=\"wp-embedded-content\" data-secret=\"pjMDIyKYN5\"><a href=\"https:\/\/www.brfue.com\/blog\/dicas\/quanto-custa-um-implante-de-cabelo-em-belo-horizonte\/\">Quanto custa um implante de cabelo em Belo Horizonte?<\/a><\/blockquote><iframe loading=\"lazy\" class=\"wp-embedded-content\" sandbox=\"allow-scripts\" security=\"restricted\" style=\"position: absolute; clip: rect(1px, 1px, 1px, 1px);\" title=\"&#8220;Quanto custa um implante de cabelo em Belo Horizonte?&#8221; &#8212; BRFUE - Transplante Capilar em BH - Transplante Fio a Fio  em BH\" src=\"https:\/\/www.brfue.com\/blog\/dicas\/quanto-custa-um-implante-de-cabelo-em-belo-horizonte\/embed\/#?secret=P6LZJUJKGX#?secret=pjMDIyKYN5\" data-secret=\"pjMDIyKYN5\" width=\"500\" height=\"282\" frameborder=\"0\" marginwidth=\"0\" marginheight=\"0\" scrolling=\"no\"><\/iframe>\n<\/div><\/figure>\n\n\n\n<h3 class=\"wp-block-heading\"><strong>Quando a calv\u00edcie foi descoberta?<\/strong><\/h3>\n\n\n\n<p>A <a href=\"https:\/\/www.brfue.com\/blog\/dicas\/qual-e-a-densidade-ideal-de-fios-no-transplante-capilar\/\"><strong><mark style=\"background-color:rgba(0, 0, 0, 0)\" class=\"has-inline-color has-ast-global-color-0-color\">calv\u00edcie<\/mark><\/strong><\/a> \u00e9 uma condi\u00e7\u00e3o que tem sido conhecida e documentada h\u00e1 milhares de anos, sendo mencionada em textos antigos como a B\u00edblia e em escritos do antigo Egito, Gr\u00e9cia e Roma. No entanto, a compreens\u00e3o cient\u00edfica da calv\u00edcie e suas causas s\u00f3 se desenvolveu mais recentemente.<\/p>\n\n\n\n<p>A alopecia androgen\u00e9tica, que \u00e9 o tipo mais comum de calv\u00edcie, foi descrita pela primeira vez na literatura m\u00e9dica em 1942, pelo dermatologista americano James B. Hamilton. Ele observou que a perda de cabelo em homens seguia um padr\u00e3o definido e era influenciada pela a\u00e7\u00e3o dos horm\u00f4nios sexuais masculinos. Essa observa\u00e7\u00e3o foi confirmada por estudos posteriores, que mostraram que a di-hidrotestosterona (DHT) \u00e9 o horm\u00f4nio respons\u00e1vel por encurtar o ciclo de vida dos fol\u00edculos capilares em homens geneticamente predispostos \u00e0 calv\u00edcie.<\/p>\n\n\n\n<p>Desde ent\u00e3o, foram realizadas muitas pesquisas sobre a calv\u00edcie, suas causas e poss\u00edveis tratamentos. Hoje em dia, existem diversas op\u00e7\u00f5es de tratamento para a calv\u00edcie, que incluem medicamentos, procedimentos cir\u00fargicos, terapia a laser e uso de perucas ou pr\u00f3teses capilares. No entanto, ainda n\u00e3o existe uma cura definitiva para a calv\u00edcie, e o tratamento deve ser individualizado e adaptado \u00e0s necessidades de cada paciente.<\/p>\n\n\n\n<h3 class=\"wp-block-heading\"><strong>O que pode causar a calv\u00edcie?<\/strong><\/h3>\n\n\n\n<p>Existem diversos fatores que podem contribuir para a <strong><mark style=\"background-color:rgba(0, 0, 0, 0)\" class=\"has-inline-color has-ast-global-color-0-color\"><a href=\"https:\/\/www.brfue.com\/blog\/dicas\/transplante-capilar-fio-a-fio-um-recurso-eficaz-para-reverter-a-calvicie\/\">calv\u00edcie<\/a><\/mark><\/strong>, entre eles:<\/p>\n\n\n\n<ol class=\"wp-block-list\">\n<li>Gen\u00e9tica: a predisposi\u00e7\u00e3o gen\u00e9tica \u00e9 o principal fator de risco para a calv\u00edcie. A alopecia androgen\u00e9tica, o tipo mais comum de calv\u00edcie, \u00e9 herdada dos pais e pode afetar tanto homens quanto mulheres.<\/li>\n\n\n\n<li>Horm\u00f4nios: os horm\u00f4nios sexuais masculinos, como a testosterona e a di-hidrotestosterona (DHT), desempenham um papel importante no desenvolvimento da calv\u00edcie. Em homens geneticamente predispostos \u00e0 calv\u00edcie, a DHT encurta o ciclo de vida dos fol\u00edculos capilares, o que leva \u00e0 queda de cabelo.<\/li>\n\n\n\n<li>Envelhecimento: \u00e0 medida que envelhecemos, o ciclo de crescimento do cabelo fica mais curto e os fol\u00edculos capilares podem diminuir de tamanho, o que pode levar \u00e0 perda de cabelo.<\/li>\n\n\n\n<li>Doen\u00e7as autoimunes: algumas doen\u00e7as autoimunes, como o l\u00fapus e a alopecia areata, podem causar a perda de cabelo.<\/li>\n\n\n\n<li>Infec\u00e7\u00f5es f\u00fangicas: algumas infec\u00e7\u00f5es f\u00fangicas do couro cabeludo podem levar \u00e0 queda de cabelo.<\/li>\n\n\n\n<li>Estresse: o estresse f\u00edsico ou emocional pode causar a queda de cabelo tempor\u00e1ria.<\/li>\n\n\n\n<li>Traumas f\u00edsicos: les\u00f5es no couro cabeludo, como cortes ou queimaduras, podem danificar os fol\u00edculos capilares e levar \u00e0 perda de cabelo.<\/li>\n\n\n\n<li>Uso de medicamentos: alguns medicamentos, como a quimioterapia e os antidepressivos, podem causar a queda de cabelo.<\/li>\n<\/ol>\n\n\n\n<p>\u00c9 importante ressaltar que nem todas as pessoas que apresentam esses fatores de risco desenvolvem calv\u00edcie, e que a perda de cabelo pode ser influenciada por m\u00faltiplos fatores combinados. O diagn\u00f3stico e tratamento da calv\u00edcie devem ser realizados por um m\u00e9dico especialista, como um dermatologista ou um tricologista.<\/p>\n\n\n\n<h3 class=\"wp-block-heading\"><strong>20 dicas de como evitar a calv\u00edcie!<\/strong><\/h3>\n\n\n\n<ol class=\"wp-block-list\">\n<li>Mantenha uma dieta saud\u00e1vel e balanceada, com alimentos ricos em prote\u00ednas, vitaminas e minerais que fortale\u00e7am os fios;<\/li>\n\n\n\n<li>Evite o consumo excessivo de \u00e1lcool e cigarro, que podem afetar a sa\u00fade do couro cabeludo e dos fios;<\/li>\n\n\n\n<li>Pratique atividades f\u00edsicas regularmente, para melhorar a circula\u00e7\u00e3o sangu\u00ednea e estimular o crescimento do cabelo;<\/li>\n\n\n\n<li>Evite penteados que puxem muito os fios, como rabos de cavalo e tran\u00e7as apertadas, que podem danificar os fol\u00edculos pilosos;<\/li>\n\n\n\n<li>Use produtos adequados para o seu tipo de cabelo, evitando aqueles que contenham subst\u00e2ncias qu\u00edmicas agressivas;<\/li>\n\n\n\n<li>Evite o uso excessivo de chapinhas, secadores e modeladores de cabelo, que podem danificar os fios;<\/li>\n\n\n\n<li>Fa\u00e7a massagens no couro cabeludo, para estimular a circula\u00e7\u00e3o sangu\u00ednea e o crescimento do cabelo;<\/li>\n\n\n\n<li>N\u00e3o durma com o cabelo molhado, para evitar que os fios fiquem mais vulner\u00e1veis e quebrem com facilidade;<\/li>\n\n\n\n<li>Mantenha o couro cabeludo limpo e saud\u00e1vel, evitando a oleosidade excessiva e a caspa;<\/li>\n\n\n\n<li>Use protetor solar para o couro cabeludo, especialmente se voc\u00ea ficar exposto ao sol por muito tempo;<\/li>\n\n\n\n<li>Evite o uso de bon\u00e9s e chap\u00e9us apertados, que podem prejudicar a circula\u00e7\u00e3o sangu\u00ednea no couro cabeludo;<\/li>\n\n\n\n<li>Mantenha o cabelo hidratado, com produtos espec\u00edficos para o seu tipo de cabelo;<\/li>\n\n\n\n<li>Evite o estresse excessivo, que pode afetar a sa\u00fade dos fios e aumentar a queda de cabelo;<\/li>\n\n\n\n<li>N\u00e3o compartilhe objetos de higiene pessoal, como pentes e escovas, para evitar a transmiss\u00e3o de fungos e bact\u00e9rias;<\/li>\n\n\n\n<li>Fa\u00e7a exames de rotina, para identificar poss\u00edveis problemas de sa\u00fade que possam afetar a sa\u00fade dos fios;<\/li>\n\n\n\n<li>Use shampoo e condicionador com pH balanceado, para n\u00e3o agredir o couro cabeludo e os fios;<\/li>\n\n\n\n<li>N\u00e3o fa\u00e7a uso de anabolizantes, que podem causar a queda de cabelo;<\/li>\n\n\n\n<li>Evite o uso de medicamentos sem orienta\u00e7\u00e3o m\u00e9dica, que podem afetar a sa\u00fade do cabelo;<\/li>\n\n\n\n<li>Mantenha uma boa higiene mental e f\u00edsica, para evitar o estresse e problemas de sa\u00fade que possam afetar o cabelo;<\/li>\n\n\n\n<li>Consulte um dermatologista especializado em problemas capilares, para receber orienta\u00e7\u00f5es e tratamentos adequados para evitar a <strong><mark style=\"background-color:rgba(0, 0, 0, 0)\" class=\"has-inline-color has-ast-global-color-0-color\"><a href=\"https:\/\/www.brfue.com\/blog\/dicas\/como-e-feito-o-transplante-capilar-fio-a-fio\/\">calv\u00edcie<\/a><\/mark><\/strong>.<\/li>\n<\/ol>\n\n\n\n<figure class=\"wp-block-embed is-type-wp-embed is-provider-brfue-transplante-capilar-em-bh-transplante-fio-a-fio-em-bh wp-block-embed-brfue-transplante-capilar-em-bh-transplante-fio-a-fio-em-bh\"><div class=\"wp-block-embed__wrapper\">\n<blockquote class=\"wp-embedded-content\" data-secret=\"LKCFMosn31\"><a href=\"https:\/\/www.brfue.com\/blog\/dicas\/quanto-custa-um-transplante-capilar-no-brasil\/\">Quanto custa um transplante capilar no Brasil?<\/a><\/blockquote><iframe loading=\"lazy\" class=\"wp-embedded-content\" sandbox=\"allow-scripts\" security=\"restricted\" style=\"position: absolute; clip: rect(1px, 1px, 1px, 1px);\" title=\"&#8220;Quanto custa um transplante capilar no Brasil?&#8221; &#8212; BRFUE - Transplante Capilar em BH - Transplante Fio a Fio  em BH\" src=\"https:\/\/www.brfue.com\/blog\/dicas\/quanto-custa-um-transplante-capilar-no-brasil\/embed\/#?secret=98Emof1GkB#?secret=LKCFMosn31\" data-secret=\"LKCFMosn31\" width=\"500\" height=\"282\" frameborder=\"0\" marginwidth=\"0\" marginheight=\"0\" scrolling=\"no\"><\/iframe>\n<\/div><\/figure>\n\n\n\n<h3 class=\"wp-block-heading\"><strong>Quais s\u00e3o os tipos de calv\u00edcie?<\/strong><\/h3>\n\n\n\n<p>Existem dois principais tipos de <strong><mark style=\"background-color:rgba(0, 0, 0, 0)\" class=\"has-inline-color has-ast-global-color-0-color\"><a href=\"https:\/\/www.brfue.com\/blog\/dicas\/quanto-custa-um-transplante-capilar\/\">calv\u00edcie<\/a><\/mark><\/strong>:<\/p>\n\n\n\n<ol class=\"wp-block-list\">\n<li>Calv\u00edcie androgen\u00e9tica: \u00e9 o tipo mais comum de calv\u00edcie, que afeta tanto homens quanto mulheres. Ela \u00e9 causada por uma predisposi\u00e7\u00e3o gen\u00e9tica que faz com que os fol\u00edculos pilosos sejam sens\u00edveis a um horm\u00f4nio chamado dihidrotestosterona (DHT). Com o tempo, os fios come\u00e7am a ficar mais finos e fracos, at\u00e9 que param de crescer completamente.<\/li>\n\n\n\n<li>Efl\u00favio tel\u00f3geno: \u00e9 um tipo de calv\u00edcie que ocorre quando h\u00e1 um aumento na quantidade de fios que entram na fase de repouso (tel\u00f3gena), resultando em uma queda excessiva de cabelo. Esse tipo de calv\u00edcie pode ser causado por fatores como estresse emocional, altera\u00e7\u00f5es hormonais, uso de medicamentos, entre outros. Geralmente, \u00e9 uma condi\u00e7\u00e3o tempor\u00e1ria e os fios voltam a crescer normalmente ap\u00f3s o tratamento da causa subjacente.<\/li>\n<\/ol>\n\n\n\n<h3 class=\"wp-block-heading\"><strong>Como contratar uma cl\u00ednica especializada em calv\u00edcie?<\/strong><\/h3>\n\n\n\n<p>Para contratar uma cl\u00ednica especializada em <strong><mark style=\"background-color:rgba(0, 0, 0, 0)\" class=\"has-inline-color has-ast-global-color-0-color\"><a href=\"https:\/\/www.brfue.com\/blog\/dicas\/quanto-custa-um-implante-de-cabelo-em-belo-horizonte\/\">calv\u00edcie<\/a><\/mark><\/strong>, voc\u00ea pode seguir os seguintes passos:<\/p>\n\n\n\n<ol class=\"wp-block-list\">\n<li>Pesquise cl\u00ednicas de renome na sua regi\u00e3o: busque por cl\u00ednicas especializadas em calv\u00edcie na sua cidade ou regi\u00e3o. Verifique a reputa\u00e7\u00e3o dessas cl\u00ednicas, lendo avalia\u00e7\u00f5es e coment\u00e1rios de outros pacientes.<\/li>\n\n\n\n<li>Verifique a especializa\u00e7\u00e3o dos profissionais: certifique-se de que os profissionais da cl\u00ednica s\u00e3o especializados em tratamentos para calv\u00edcie e que possuem experi\u00eancia na \u00e1rea. Verifique as qualifica\u00e7\u00f5es e certifica\u00e7\u00f5es dos m\u00e9dicos e equipe t\u00e9cnica.<\/li>\n\n\n\n<li>Avalie as op\u00e7\u00f5es de tratamento: verifique quais s\u00e3o as op\u00e7\u00f5es de tratamento oferecidas pela cl\u00ednica, bem como a efic\u00e1cia e seguran\u00e7a desses tratamentos. Procure por cl\u00ednicas que ofere\u00e7am tratamentos comprovadamente eficazes, como transplante capilar, laserterapia e medicamentos espec\u00edficos.<\/li>\n\n\n\n<li>Agende uma consulta: agende uma consulta com a cl\u00ednica para discutir as suas necessidades e avaliar as op\u00e7\u00f5es de tratamento dispon\u00edveis. Certifique-se de que a cl\u00ednica oferece um atendimento personalizado e que o m\u00e9dico ou profissional respons\u00e1vel esclarece todas as suas d\u00favidas.<\/li>\n\n\n\n<li>Verifique a estrutura da cl\u00ednica: antes de decidir pela contrata\u00e7\u00e3o da cl\u00ednica, visite o local para verificar a estrutura, equipamentos e a limpeza do ambiente.<\/li>\n\n\n\n<li>Avalie os custos: verifique os custos dos tratamentos oferecidos pela cl\u00ednica e certifique-se de que est\u00e3o dentro do seu or\u00e7amento.<\/li>\n\n\n\n<li>Considere a recomenda\u00e7\u00e3o de amigos ou familiares: se voc\u00ea conhece algu\u00e9m que j\u00e1 tenha passado por tratamentos de calv\u00edcie, pe\u00e7a recomenda\u00e7\u00f5es de cl\u00ednicas confi\u00e1veis e eficazes.<\/li>\n<\/ol>\n\n\n\n<p>Em resumo, a calv\u00edcie \u00e9 uma condi\u00e7\u00e3o comum que pode afetar homens e mulheres de todas as idades. Existem dois principais tipos de calv\u00edcie: a androgen\u00e9tica, que \u00e9 causada por uma predisposi\u00e7\u00e3o gen\u00e9tica e a sensibilidade dos fol\u00edculos pilosos ao horm\u00f4nio DHT, e o efl\u00favio tel\u00f3geno, que ocorre devido a fatores como estresse emocional, altera\u00e7\u00f5es hormonais e uso de medicamentos.<\/p>\n\n\n\n<p>\u00c9 importante lembrar que, apesar de n\u00e3o haver uma cura para a calv\u00edcie, existem diversas op\u00e7\u00f5es de tratamento que podem ajudar a prevenir a queda de cabelo e promover o crescimento de novos fios. Desde medicamentos e terapias a laser at\u00e9 o transplante capilar, as op\u00e7\u00f5es de tratamento variam de acordo com a gravidade da condi\u00e7\u00e3o e as necessidades individuais de cada paciente.<\/p>\n\n\n\n<p>Portanto, se voc\u00ea est\u00e1 enfrentando a calv\u00edcie, n\u00e3o se preocupe. Com o acompanhamento de um profissional especializado e os tratamentos adequados, \u00e9 poss\u00edvel retardar a progress\u00e3o da queda de cabelo e ter uma apar\u00eancia mais saud\u00e1vel e confiante. A chave \u00e9 buscar ajuda o mais cedo poss\u00edvel, para que voc\u00ea possa tomar as medidas necess\u00e1rias para cuidar do seu cabelo e da sua autoestima.<br><\/p>\n\n\n\n<p>Para saber mais informa\u00e7\u00f5es sobre calv\u00edcie, consulte um de nossos especialistas agora mesmo!<\/p>\n\n\n\n<p>(31) 98497-7573<br>Email:&nbsp;<a rel=\"noreferrer noopener\" href=\"mailto:drvitor@brfue.com\" target=\"_blank\">drvitor@brfue.com<\/a><br><a href=\"https:\/\/www.brfue.com\/\">www.brfue.com<\/a><\/p>\n","protected":false},"excerpt":{"rendered":"<p>Voc\u00ea conhece os tipos de Calv\u00edcie? Est\u00e1 procurando por informa\u00e7\u00f5es sobre Calv\u00edcie? Veio ao lugar certo, continue lendo at\u00e9 o final!<\/p>\n","protected":false},"author":1,"featured_media":890,"comment_status":"open","ping_status":"open","sticky":false,"template":"","format":"standard","meta":{"site-sidebar-layout":"default","site-content-layout":"default","ast-global-header-display":"","ast-main-header-display":"","ast-hfb-above-header-display":"","ast-hfb-below-header-display":"","ast-hfb-mobile-header-display":"","site-post-title":"","ast-breadcrumbs-content":"","ast-featured-img":"","footer-sml-layout":"","theme-transparent-header-meta":"","adv-header-id-meta":"","stick-header-meta":"","header-above-stick-meta":"","header-main-stick-meta":"","header-below-stick-meta":"","footnotes":""},"categories":[32,9,1],"tags":[20,33,34],"class_list":["post-853","post","type-post","status-publish","format-standard","has-post-thumbnail","hentry","category-calvicie","category-curiosidades","category-dicas","tag-brfue","tag-calvicie","tag-tipos-de-calvicie"],"yoast_head":"<!-- This site is optimized with the Yoast SEO plugin v25.5 - https:\/\/yoast.com\/wordpress\/plugins\/seo\/ -->\n<title>O que \u00e9 Calv\u00edcie - Tipos de Calv\u00edcie! - BRFUE - Transplante Capilar em BH - Transplante Fio a Fio em BH<\/title>\n<meta name=\"robots\" content=\"index, follow, max-snippet:-1, max-image-preview:large, max-video-preview:-1\" \/>\n<link rel=\"canonical\" href=\"https:\/\/www.brfue.com\/blog\/dicas\/o-que-e-calvicie-tipos-de-calvicie\/\" \/>\n<meta property=\"og:locale\" content=\"pt_BR\" \/>\n<meta property=\"og:type\" content=\"article\" \/>\n<meta property=\"og:title\" content=\"O que \u00e9 Calv\u00edcie - Tipos de Calv\u00edcie! - BRFUE - Transplante Capilar em BH - Transplante Fio a Fio em BH\" \/>\n<meta property=\"og:description\" content=\"Voc\u00ea conhece os tipos de Calv\u00edcie? Est\u00e1 procurando por informa\u00e7\u00f5es sobre Calv\u00edcie? Veio ao lugar certo, continue lendo at\u00e9 o final!\" \/>\n<meta property=\"og:url\" content=\"https:\/\/www.brfue.com\/blog\/dicas\/o-que-e-calvicie-tipos-de-calvicie\/\" \/>\n<meta property=\"og:site_name\" content=\"BRFUE - Transplante Capilar em BH - Transplante Fio a Fio em BH\" \/>\n<meta property=\"article:published_time\" content=\"2023-04-19T13:32:01+00:00\" \/>\n<meta property=\"article:modified_time\" content=\"2023-05-01T17:35:47+00:00\" \/>\n<meta property=\"og:image\" content=\"https:\/\/www.brfue.com\/blog\/wp-content\/uploads\/2023\/04\/O-QUE-E-CALVICIE-\u2013-TIPOS-DE-CALVICIE.jpg\" \/>\n\t<meta property=\"og:image:width\" content=\"970\" \/>\n\t<meta property=\"og:image:height\" content=\"492\" \/>\n\t<meta property=\"og:image:type\" content=\"image\/jpeg\" \/>\n<meta name=\"author\" content=\"Editorial BR FUE Transplante Capilar Fio a Fio Transplante Capilar Fio a Fio\" \/>\n<meta name=\"twitter:card\" content=\"summary_large_image\" \/>\n<meta name=\"twitter:label1\" content=\"Escrito por\" \/>\n\t<meta name=\"twitter:data1\" content=\"Editorial BR FUE Transplante Capilar Fio a Fio Transplante Capilar Fio a Fio\" \/>\n\t<meta name=\"twitter:label2\" content=\"Est. tempo de leitura\" \/>\n\t<meta name=\"twitter:data2\" content=\"9 minutos\" \/>\n<script type=\"application\/ld+json\" class=\"yoast-schema-graph\">{\"@context\":\"https:\/\/schema.org\",\"@graph\":[{\"@type\":\"Article\",\"@id\":\"https:\/\/www.brfue.com\/blog\/dicas\/o-que-e-calvicie-tipos-de-calvicie\/#article\",\"isPartOf\":{\"@id\":\"https:\/\/www.brfue.com\/blog\/dicas\/o-que-e-calvicie-tipos-de-calvicie\/\"},\"author\":{\"name\":\"Editorial BR FUE Transplante Capilar Fio a Fio Transplante Capilar Fio a Fio\",\"@id\":\"https:\/\/www.brfue.com\/blog\/#\/schema\/person\/9a8dad77bcb8b498d1a2611b54d0c8e0\"},\"headline\":\"O que \u00e9 Calv\u00edcie &#8211; Tipos de Calv\u00edcie!\",\"datePublished\":\"2023-04-19T13:32:01+00:00\",\"dateModified\":\"2023-05-01T17:35:47+00:00\",\"mainEntityOfPage\":{\"@id\":\"https:\/\/www.brfue.com\/blog\/dicas\/o-que-e-calvicie-tipos-de-calvicie\/\"},\"wordCount\":1843,\"commentCount\":1,\"publisher\":{\"@id\":\"https:\/\/www.brfue.com\/blog\/#organization\"},\"image\":{\"@id\":\"https:\/\/www.brfue.com\/blog\/dicas\/o-que-e-calvicie-tipos-de-calvicie\/#primaryimage\"},\"thumbnailUrl\":\"https:\/\/www.brfue.com\/blog\/wp-content\/uploads\/2023\/04\/O-QUE-E-CALVICIE-\u2013-TIPOS-DE-CALVICIE.jpg\",\"keywords\":[\"BRFUE\",\"Calv\u00edcie\",\"Tipos de Calv\u00edcie\"],\"articleSection\":[\"Calv\u00edcie\",\"Curiosidades\",\"Dicas\"],\"inLanguage\":\"pt-BR\",\"potentialAction\":[{\"@type\":\"CommentAction\",\"name\":\"Comment\",\"target\":[\"https:\/\/www.brfue.com\/blog\/dicas\/o-que-e-calvicie-tipos-de-calvicie\/#respond\"]}]},{\"@type\":\"WebPage\",\"@id\":\"https:\/\/www.brfue.com\/blog\/dicas\/o-que-e-calvicie-tipos-de-calvicie\/\",\"url\":\"https:\/\/www.brfue.com\/blog\/dicas\/o-que-e-calvicie-tipos-de-calvicie\/\",\"name\":\"O que \u00e9 Calv\u00edcie - Tipos de Calv\u00edcie! - BRFUE - Transplante Capilar em BH - Transplante Fio a Fio em BH\",\"isPartOf\":{\"@id\":\"https:\/\/www.brfue.com\/blog\/#website\"},\"primaryImageOfPage\":{\"@id\":\"https:\/\/www.brfue.com\/blog\/dicas\/o-que-e-calvicie-tipos-de-calvicie\/#primaryimage\"},\"image\":{\"@id\":\"https:\/\/www.brfue.com\/blog\/dicas\/o-que-e-calvicie-tipos-de-calvicie\/#primaryimage\"},\"thumbnailUrl\":\"https:\/\/www.brfue.com\/blog\/wp-content\/uploads\/2023\/04\/O-QUE-E-CALVICIE-\u2013-TIPOS-DE-CALVICIE.jpg\",\"datePublished\":\"2023-04-19T13:32:01+00:00\",\"dateModified\":\"2023-05-01T17:35:47+00:00\",\"breadcrumb\":{\"@id\":\"https:\/\/www.brfue.com\/blog\/dicas\/o-que-e-calvicie-tipos-de-calvicie\/#breadcrumb\"},\"inLanguage\":\"pt-BR\",\"potentialAction\":[{\"@type\":\"ReadAction\",\"target\":[\"https:\/\/www.brfue.com\/blog\/dicas\/o-que-e-calvicie-tipos-de-calvicie\/\"]}]},{\"@type\":\"ImageObject\",\"inLanguage\":\"pt-BR\",\"@id\":\"https:\/\/www.brfue.com\/blog\/dicas\/o-que-e-calvicie-tipos-de-calvicie\/#primaryimage\",\"url\":\"https:\/\/www.brfue.com\/blog\/wp-content\/uploads\/2023\/04\/O-QUE-E-CALVICIE-\u2013-TIPOS-DE-CALVICIE.jpg\",\"contentUrl\":\"https:\/\/www.brfue.com\/blog\/wp-content\/uploads\/2023\/04\/O-QUE-E-CALVICIE-\u2013-TIPOS-DE-CALVICIE.jpg\",\"width\":970,\"height\":492},{\"@type\":\"BreadcrumbList\",\"@id\":\"https:\/\/www.brfue.com\/blog\/dicas\/o-que-e-calvicie-tipos-de-calvicie\/#breadcrumb\",\"itemListElement\":[{\"@type\":\"ListItem\",\"position\":1,\"name\":\"In\u00edcio\",\"item\":\"https:\/\/www.brfue.com\/blog\/\"},{\"@type\":\"ListItem\",\"position\":2,\"name\":\"O que \u00e9 Calv\u00edcie &#8211; Tipos de Calv\u00edcie!\"}]},{\"@type\":\"WebSite\",\"@id\":\"https:\/\/www.brfue.com\/blog\/#website\",\"url\":\"https:\/\/www.brfue.com\/blog\/\",\"name\":\"BRFUE - Transplante Capilar em BH - Transplante Fio a Fio em BH\",\"description\":\"Transplante Capilar em BH- Transplante Fio a Fio em BH\",\"publisher\":{\"@id\":\"https:\/\/www.brfue.com\/blog\/#organization\"},\"potentialAction\":[{\"@type\":\"SearchAction\",\"target\":{\"@type\":\"EntryPoint\",\"urlTemplate\":\"https:\/\/www.brfue.com\/blog\/?s={search_term_string}\"},\"query-input\":{\"@type\":\"PropertyValueSpecification\",\"valueRequired\":true,\"valueName\":\"search_term_string\"}}],\"inLanguage\":\"pt-BR\"},{\"@type\":\"Organization\",\"@id\":\"https:\/\/www.brfue.com\/blog\/#organization\",\"name\":\"BRFUE - Transplante Capilar em BH - Transplante Fio a Fio em BH\",\"url\":\"https:\/\/www.brfue.com\/blog\/\",\"logo\":{\"@type\":\"ImageObject\",\"inLanguage\":\"pt-BR\",\"@id\":\"https:\/\/www.brfue.com\/blog\/#\/schema\/logo\/image\/\",\"url\":\"https:\/\/www.brfue.com\/blog\/wp-content\/uploads\/2022\/11\/logo-white.png\",\"contentUrl\":\"https:\/\/www.brfue.com\/blog\/wp-content\/uploads\/2022\/11\/logo-white.png\",\"width\":82,\"height\":20,\"caption\":\"BRFUE - Transplante Capilar em BH - Transplante Fio a Fio  em BH\"},\"image\":{\"@id\":\"https:\/\/www.brfue.com\/blog\/#\/schema\/logo\/image\/\"}},{\"@type\":\"Person\",\"@id\":\"https:\/\/www.brfue.com\/blog\/#\/schema\/person\/9a8dad77bcb8b498d1a2611b54d0c8e0\",\"name\":\"Editorial BR FUE Transplante Capilar Fio a Fio Transplante Capilar Fio a Fio\",\"sameAs\":[\"https:\/\/brfue.com\/blog\"],\"url\":\"https:\/\/www.brfue.com\/blog\/author\/admin\/\"}]}<\/script>\n<!-- \/ Yoast SEO plugin. -->","yoast_head_json":{"title":"O que \u00e9 Calv\u00edcie - Tipos de Calv\u00edcie! - BRFUE - Transplante Capilar em BH - Transplante Fio a Fio em BH","robots":{"index":"index","follow":"follow","max-snippet":"max-snippet:-1","max-image-preview":"max-image-preview:large","max-video-preview":"max-video-preview:-1"},"canonical":"https:\/\/www.brfue.com\/blog\/dicas\/o-que-e-calvicie-tipos-de-calvicie\/","og_locale":"pt_BR","og_type":"article","og_title":"O que \u00e9 Calv\u00edcie - Tipos de Calv\u00edcie! - BRFUE - Transplante Capilar em BH - Transplante Fio a Fio em BH","og_description":"Voc\u00ea conhece os tipos de Calv\u00edcie? Est\u00e1 procurando por informa\u00e7\u00f5es sobre Calv\u00edcie? Veio ao lugar certo, continue lendo at\u00e9 o final!","og_url":"https:\/\/www.brfue.com\/blog\/dicas\/o-que-e-calvicie-tipos-de-calvicie\/","og_site_name":"BRFUE - Transplante Capilar em BH - Transplante Fio a Fio em BH","article_published_time":"2023-04-19T13:32:01+00:00","article_modified_time":"2023-05-01T17:35:47+00:00","og_image":[{"width":970,"height":492,"url":"https:\/\/www.brfue.com\/blog\/wp-content\/uploads\/2023\/04\/O-QUE-E-CALVICIE-\u2013-TIPOS-DE-CALVICIE.jpg","type":"image\/jpeg"}],"author":"Editorial BR FUE Transplante Capilar Fio a Fio Transplante Capilar Fio a Fio","twitter_card":"summary_large_image","twitter_misc":{"Escrito por":"Editorial BR FUE Transplante Capilar Fio a Fio Transplante Capilar Fio a Fio","Est. tempo de leitura":"9 minutos"},"schema":{"@context":"https:\/\/schema.org","@graph":[{"@type":"Article","@id":"https:\/\/www.brfue.com\/blog\/dicas\/o-que-e-calvicie-tipos-de-calvicie\/#article","isPartOf":{"@id":"https:\/\/www.brfue.com\/blog\/dicas\/o-que-e-calvicie-tipos-de-calvicie\/"},"author":{"name":"Editorial BR FUE Transplante Capilar Fio a Fio Transplante Capilar Fio a Fio","@id":"https:\/\/www.brfue.com\/blog\/#\/schema\/person\/9a8dad77bcb8b498d1a2611b54d0c8e0"},"headline":"O que \u00e9 Calv\u00edcie &#8211; Tipos de Calv\u00edcie!","datePublished":"2023-04-19T13:32:01+00:00","dateModified":"2023-05-01T17:35:47+00:00","mainEntityOfPage":{"@id":"https:\/\/www.brfue.com\/blog\/dicas\/o-que-e-calvicie-tipos-de-calvicie\/"},"wordCount":1843,"commentCount":1,"publisher":{"@id":"https:\/\/www.brfue.com\/blog\/#organization"},"image":{"@id":"https:\/\/www.brfue.com\/blog\/dicas\/o-que-e-calvicie-tipos-de-calvicie\/#primaryimage"},"thumbnailUrl":"https:\/\/www.brfue.com\/blog\/wp-content\/uploads\/2023\/04\/O-QUE-E-CALVICIE-\u2013-TIPOS-DE-CALVICIE.jpg","keywords":["BRFUE","Calv\u00edcie","Tipos de Calv\u00edcie"],"articleSection":["Calv\u00edcie","Curiosidades","Dicas"],"inLanguage":"pt-BR","potentialAction":[{"@type":"CommentAction","name":"Comment","target":["https:\/\/www.brfue.com\/blog\/dicas\/o-que-e-calvicie-tipos-de-calvicie\/#respond"]}]},{"@type":"WebPage","@id":"https:\/\/www.brfue.com\/blog\/dicas\/o-que-e-calvicie-tipos-de-calvicie\/","url":"https:\/\/www.brfue.com\/blog\/dicas\/o-que-e-calvicie-tipos-de-calvicie\/","name":"O que \u00e9 Calv\u00edcie - Tipos de Calv\u00edcie! - BRFUE - Transplante Capilar em BH - Transplante Fio a Fio em BH","isPartOf":{"@id":"https:\/\/www.brfue.com\/blog\/#website"},"primaryImageOfPage":{"@id":"https:\/\/www.brfue.com\/blog\/dicas\/o-que-e-calvicie-tipos-de-calvicie\/#primaryimage"},"image":{"@id":"https:\/\/www.brfue.com\/blog\/dicas\/o-que-e-calvicie-tipos-de-calvicie\/#primaryimage"},"thumbnailUrl":"https:\/\/www.brfue.com\/blog\/wp-content\/uploads\/2023\/04\/O-QUE-E-CALVICIE-\u2013-TIPOS-DE-CALVICIE.jpg","datePublished":"2023-04-19T13:32:01+00:00","dateModified":"2023-05-01T17:35:47+00:00","breadcrumb":{"@id":"https:\/\/www.brfue.com\/blog\/dicas\/o-que-e-calvicie-tipos-de-calvicie\/#breadcrumb"},"inLanguage":"pt-BR","potentialAction":[{"@type":"ReadAction","target":["https:\/\/www.brfue.com\/blog\/dicas\/o-que-e-calvicie-tipos-de-calvicie\/"]}]},{"@type":"ImageObject","inLanguage":"pt-BR","@id":"https:\/\/www.brfue.com\/blog\/dicas\/o-que-e-calvicie-tipos-de-calvicie\/#primaryimage","url":"https:\/\/www.brfue.com\/blog\/wp-content\/uploads\/2023\/04\/O-QUE-E-CALVICIE-\u2013-TIPOS-DE-CALVICIE.jpg","contentUrl":"https:\/\/www.brfue.com\/blog\/wp-content\/uploads\/2023\/04\/O-QUE-E-CALVICIE-\u2013-TIPOS-DE-CALVICIE.jpg","width":970,"height":492},{"@type":"BreadcrumbList","@id":"https:\/\/www.brfue.com\/blog\/dicas\/o-que-e-calvicie-tipos-de-calvicie\/#breadcrumb","itemListElement":[{"@type":"ListItem","position":1,"name":"In\u00edcio","item":"https:\/\/www.brfue.com\/blog\/"},{"@type":"ListItem","position":2,"name":"O que \u00e9 Calv\u00edcie &#8211; Tipos de Calv\u00edcie!"}]},{"@type":"WebSite","@id":"https:\/\/www.brfue.com\/blog\/#website","url":"https:\/\/www.brfue.com\/blog\/","name":"BRFUE - Transplante Capilar em BH - Transplante Fio a Fio em BH","description":"Transplante Capilar em BH- Transplante Fio a Fio em BH","publisher":{"@id":"https:\/\/www.brfue.com\/blog\/#organization"},"potentialAction":[{"@type":"SearchAction","target":{"@type":"EntryPoint","urlTemplate":"https:\/\/www.brfue.com\/blog\/?s={search_term_string}"},"query-input":{"@type":"PropertyValueSpecification","valueRequired":true,"valueName":"search_term_string"}}],"inLanguage":"pt-BR"},{"@type":"Organization","@id":"https:\/\/www.brfue.com\/blog\/#organization","name":"BRFUE - Transplante Capilar em BH - Transplante Fio a Fio em BH","url":"https:\/\/www.brfue.com\/blog\/","logo":{"@type":"ImageObject","inLanguage":"pt-BR","@id":"https:\/\/www.brfue.com\/blog\/#\/schema\/logo\/image\/","url":"https:\/\/www.brfue.com\/blog\/wp-content\/uploads\/2022\/11\/logo-white.png","contentUrl":"https:\/\/www.brfue.com\/blog\/wp-content\/uploads\/2022\/11\/logo-white.png","width":82,"height":20,"caption":"BRFUE - Transplante Capilar em BH - Transplante Fio a Fio  em BH"},"image":{"@id":"https:\/\/www.brfue.com\/blog\/#\/schema\/logo\/image\/"}},{"@type":"Person","@id":"https:\/\/www.brfue.com\/blog\/#\/schema\/person\/9a8dad77bcb8b498d1a2611b54d0c8e0","name":"Editorial BR FUE Transplante Capilar Fio a Fio Transplante Capilar Fio a Fio","sameAs":["https:\/\/brfue.com\/blog"],"url":"https:\/\/www.brfue.com\/blog\/author\/admin\/"}]}},"_links":{"self":[{"href":"https:\/\/www.brfue.com\/blog\/wp-json\/wp\/v2\/posts\/853","targetHints":{"allow":["GET"]}}],"collection":[{"href":"https:\/\/www.brfue.com\/blog\/wp-json\/wp\/v2\/posts"}],"about":[{"href":"https:\/\/www.brfue.com\/blog\/wp-json\/wp\/v2\/types\/post"}],"author":[{"embeddable":true,"href":"https:\/\/www.brfue.com\/blog\/wp-json\/wp\/v2\/users\/1"}],"replies":[{"embeddable":true,"href":"https:\/\/www.brfue.com\/blog\/wp-json\/wp\/v2\/comments?post=853"}],"version-history":[{"count":2,"href":"https:\/\/www.brfue.com\/blog\/wp-json\/wp\/v2\/posts\/853\/revisions"}],"predecessor-version":[{"id":859,"href":"https:\/\/www.brfue.com\/blog\/wp-json\/wp\/v2\/posts\/853\/revisions\/859"}],"wp:featuredmedia":[{"embeddable":true,"href":"https:\/\/www.brfue.com\/blog\/wp-json\/wp\/v2\/media\/890"}],"wp:attachment":[{"href":"https:\/\/www.brfue.com\/blog\/wp-json\/wp\/v2\/media?parent=853"}],"wp:term":[{"taxonomy":"category","embeddable":true,"href":"https:\/\/www.brfue.com\/blog\/wp-json\/wp\/v2\/categories?post=853"},{"taxonomy":"post_tag","embeddable":true,"href":"https:\/\/www.brfue.com\/blog\/wp-json\/wp\/v2\/tags?post=853"}],"curies":[{"name":"wp","href":"https:\/\/api.w.org\/{rel}","templated":true}]}}