{"id":804,"date":"2023-01-25T13:48:43","date_gmt":"2023-01-25T13:48:43","guid":{"rendered":"https:\/\/brfue.com\/blog\/?p=804"},"modified":"2023-05-01T17:35:18","modified_gmt":"2023-05-01T17:35:18","slug":"implante-capilar-ou-transplante-para-quem-e-indicado-e-como-funciona","status":"publish","type":"post","link":"https:\/\/www.brfue.com\/blog\/dicas\/implante-capilar-ou-transplante-para-quem-e-indicado-e-como-funciona\/","title":{"rendered":"Implante Capilar ou Transplante: Para quem \u00e9 indicado e como funciona?"},"content":{"rendered":"\n<p>Para quem sofre com a calv\u00edcie, algumas t\u00e9cnicas podem ajudar na restaura\u00e7\u00e3o dos fios.<\/p>\n\n\n\n<p>A&nbsp;calv\u00edcie&nbsp;\u00e9 um problema que atinge principalmente os homens em diversas idades. A queda dos fios pode ocorrer por v\u00e1rias raz\u00f5es, desde quest\u00f5es gen\u00e9ticas, hormonais ou doen\u00e7as.&nbsp;<\/p>\n\n\n\n<p>De acordo com a Sociedade Brasileira do Cabelo (SBC), estima-se que cerca de 42 milh\u00f5es de brasileiros j\u00e1 foram atingidos pela perda de cabelo. E por conta disso, muitos buscam o <a href=\"https:\/\/brfue.com\/\"><mark style=\"background-color:rgba(0, 0, 0, 0)\" class=\"has-inline-color has-ast-global-color-0-color\"><strong>transplante capilar<\/strong><\/mark><\/a> por motivos est\u00e9ticos.&nbsp;<\/p>\n\n\n\n<p>\u201cA t\u00e9cnica \u00e9 conhecida de v\u00e1rias maneiras: transplante ou implante capilar ou cirurgia de restaura\u00e7\u00e3o capilar. No caso do transplante capilar, o especialista realiza uma redistribui\u00e7\u00e3o de cabelos do pr\u00f3prio paciente, e isso impede que ocorra rejei\u00e7\u00e3o\u201d, explica&nbsp;Henrique Radwanski, cirurgi\u00e3o pl\u00e1stico, membro da Sociedade Brasileira de Cirurgia Pl\u00e1stica (SBCP) e vice-presidente da Associa\u00e7\u00e3o Brasileira da Cirurgia de Restaura\u00e7\u00e3o Capilar (ABCRC).<\/p>\n\n\n\n<p>Vale destacar que o implante capilar, apesar de ser um termo bastante conhecido, n\u00e3o \u00e9 mais um m\u00e9todo utilizado com frequ\u00eancia, j\u00e1 que pode oferecer riscos \u00e0 sa\u00fade. Nesse&nbsp; procedimento, os especialistas realizavam a inser\u00e7\u00e3o de fios est\u00e9ticos no couro cabeludo.&nbsp;<\/p>\n\n\n\n<h3 class=\"wp-block-heading\"><strong>Como \u00e9 feito o Transplante Capilar?<\/strong><\/h3>\n\n\n\n<p>Para o procedimento, o cirurgi\u00e3o pl\u00e1stico ou dermatologista retira os fol\u00edculos capilares (onde fica localizada a raiz do fio de cabelo) da regi\u00e3o posterior e lateral da cabe\u00e7a e transfere para outras \u00e1reas.&nbsp;<\/p>\n\n\n\n<p>Essas ra\u00edzes crescem de forma permanente no seu novo local (\u00e1rea receptora), exatamente como se estivessem ainda na regi\u00e3o de origem.<\/p>\n\n\n\n<p>Vale destacar que existem algumas t\u00e9cnicas que variam na maneira como os fol\u00edculos s\u00e3o colhidos. Conhe\u00e7a as mais comuns:<\/p>\n\n\n\n<h4 class=\"wp-block-heading\"><strong>T\u00e9cnica FUT (<\/strong><strong><em>Follicular Unit Transplantation<\/em><\/strong><strong>)<\/strong><\/h4>\n\n\n\n<p>Na t\u00e9cnica conhecida como FUT (<em>Follicular Unit Transplantation<\/em>),&nbsp;ocorre a retirada de uma faixa de pele do couro cabeludo e as ra\u00edzes s\u00e3o separadas fio a fio.&nbsp;<\/p>\n\n\n\n<p>\u00c9 um procedimento bastante minucioso, realizado com ajuda de microsc\u00f3pios. Nesse caso, o paciente ficar\u00e1 com uma cicatriz bastante fina, escondida debaixo dos cabelos.&nbsp;<\/p>\n\n\n\n<h4 class=\"wp-block-heading\"><strong>T\u00e9cnica FUE (<\/strong><strong><em>Follicular Unit Extraction<\/em><\/strong><strong>)<\/strong><\/h4>\n\n\n\n<p>J\u00e1 na t\u00e9cnica FUE, as unidades foliculares s\u00e3o retiradas diretamente do couro cabeludo de forma individual. Como n\u00e3o h\u00e1 a necessidade de incis\u00e3o, evita-se a cicatriz.&nbsp;<\/p>\n\n\n\n<p>\u201cIndependentemente da t\u00e9cnica escolhida, a coloca\u00e7\u00e3o dos fol\u00edculos \u00e9 feita da mesma forma. Deve ser realizada de maneira minuciosa depois de um planejamento de restaura\u00e7\u00e3o capilar, objetivando dar um resultado natural e tratando a condi\u00e7\u00e3o\u201d, destaca o dr. Radwanski.&nbsp;<\/p>\n\n\n\n<h3 class=\"wp-block-heading\"><strong>Para quem \u00e9 indicado e riscos do Procedimento<\/strong><\/h3>\n\n\n\n<p>Nem todo mundo que tem calv\u00edcie deve realizar a restaura\u00e7\u00e3o capilar. Existem v\u00e1rias doen\u00e7as que causam queda de cabelo e precisam ser tratadas com medicamentos orais ou t\u00f3picos. Portanto, \u00e9 fundamental buscar um especialista capacitado para descartar poss\u00edveis patologias.&nbsp;<\/p>\n\n\n\n<p>\u201cNa maioria das vezes, \u00e9 indicado para homens com idade entre 30 e 65 anos com alopecia androgen\u00e9tica (queda de cabelos por quest\u00f5es gen\u00e9ticas). Muitas vezes, eles apresentam \u00e1reas extensas de calv\u00edcie. As mulheres tamb\u00e9m realizam o procedimento, mas n\u00e3o \u00e9 t\u00e3o frequente\u201d, explica&nbsp;Fabiane Brenner, coordenadora do Departamento de Cabelos e Unhas da Sociedade Brasileira de Dermatologia (SBD).<\/p>\n\n\n\n<h3 class=\"wp-block-heading\"><strong>Riscos do procedimento e principais Recomenda\u00e7\u00f5es<\/strong><\/h3>\n\n\n\n<p>Os especialistas refor\u00e7am que, assim como acontece com qualquer interven\u00e7\u00e3o cir\u00fargica e\/ou est\u00e9tica, \u00e9 importante que sejam realizadas diversas consultas e exames antes do transplante capilar.&nbsp;<\/p>\n\n\n\n<p>O primeiro passo para quem deseja realizar o procedimento \u00e9 buscar um dermatologista ou cirurgi\u00e3o pl\u00e1stico capacitado para fazer uma restaura\u00e7\u00e3o capilar. Durante a consulta, \u00e9 feita uma avalia\u00e7\u00e3o do couro cabeludo e dos fios de cabelo.&nbsp;<\/p>\n\n\n\n<p>\u201cCaso o paciente seja candidato \u00e0 cirurgia, exames laboratoriais devem ser solicitados, bem como uma avalia\u00e7\u00e3o cardiol\u00f3gica para checar se n\u00e3o h\u00e1 riscos \u00e0 sa\u00fade. O transplante capilar deve ser realizado dentro de um centro cir\u00fargico com uma leve seda\u00e7\u00e3o\u201d, complementa o dr.&nbsp; Radwanski.<\/p>\n\n\n\n<p>Segundo o cirurgi\u00e3o pl\u00e1stico, a cirurgia \u00e9 longa, podendo durar at\u00e9 8 horas. No p\u00f3s-operat\u00f3rio, geralmente, o indiv\u00edduo precisa se afastar de suas fun\u00e7\u00f5es por at\u00e9 uma semana para se recuperar adequadamente. Na maioria das vezes, n\u00e3o h\u00e1 necessidade de uso de analg\u00e9sicos ap\u00f3s a interven\u00e7\u00e3o.&nbsp;<\/p>\n\n\n\n<p>\u201cO cabelo depois de transplantado vai cair. O resultado final s\u00f3 temos depois de seis meses. Por isso, \u00e9 importante realizar um acompanhamento constante. A avalia\u00e7\u00e3o final \u00e9 marcada quando se completa um ano do procedimento\u201d, diz a dra. Brenner.<\/p>\n\n\n\n<h3 class=\"wp-block-heading\"><strong>Poss\u00edveis Complica\u00e7\u00f5es&nbsp;<\/strong><\/h3>\n\n\n\n<p>Durante todo o transplante, o paciente precisa ser monitorado para evitar complica\u00e7\u00f5es. Raramente ocorrem infec\u00e7\u00f5es ap\u00f3s o transplante capilar. Em geral, as complica\u00e7\u00f5es s\u00e3o est\u00e9ticas.&nbsp;<\/p>\n\n\n\n<p>\u201cA principal complica\u00e7\u00e3o \u00e9 a perda da viabilidade desses fios. Muitas vezes, h\u00e1 uma redu\u00e7\u00e3o dos fios transplantados. Assim, diminui a quantidade e o resultado n\u00e3o sai como o planejado\u201d, afirma Brenner.<\/p>\n\n\n\n<p>Tamb\u00e9m acontecem \u201cerros\u201d no planejamento da distribui\u00e7\u00e3o do cabelo: em alguns casos, a testa fica com a apar\u00eancia muito baixa e reta, por exemplo.&nbsp;<\/p>\n\n\n\n<p>H\u00e1 ainda a possibilidade de a apar\u00eancia ficar comprometida, com um resultado pouco natural. Al\u00e9m disso, h\u00e1 o risco de surgir uma cicatriz em alguns locais da cabe\u00e7a, dependendo da t\u00e9cnica escolhida.&nbsp;<\/p>\n\n\n\n<p>Via: https:\/\/drauziovarella.uol.com.br\/dermatologia\/transplante-ou-implante-capilar-como-funciona-e-para-quem-e-indicado\/<\/p>\n","protected":false},"excerpt":{"rendered":"<p>Para quem sofre com a calv\u00edcie, algumas t\u00e9cnicas podem ajudar na restaura\u00e7\u00e3o dos fios.<\/p>\n","protected":false},"author":1,"featured_media":888,"comment_status":"open","ping_status":"open","sticky":false,"template":"","format":"standard","meta":{"site-sidebar-layout":"default","site-content-layout":"default","ast-global-header-display":"","ast-main-header-display":"","ast-hfb-above-header-display":"","ast-hfb-below-header-display":"","ast-hfb-mobile-header-display":"","site-post-title":"","ast-breadcrumbs-content":"","ast-featured-img":"","footer-sml-layout":"","theme-transparent-header-meta":"","adv-header-id-meta":"","stick-header-meta":"","header-above-stick-meta":"","header-main-stick-meta":"","header-below-stick-meta":"","footnotes":""},"categories":[9,1,10],"tags":[11,13,12],"class_list":["post-804","post","type-post","status-publish","format-standard","has-post-thumbnail","hentry","category-curiosidades","category-dicas","category-transplante-capilar","tag-implante-capilar","tag-para-quem-e-indicado-e-como-funciona","tag-transplante-capilar"],"yoast_head":"<!-- This site is optimized with the Yoast SEO plugin v25.5 - https:\/\/yoast.com\/wordpress\/plugins\/seo\/ -->\n<title>Implante Capilar ou Transplante: Para quem \u00e9 indicado e como funciona? - BRFUE - Transplante Capilar em BH - Transplante Fio a Fio em BH<\/title>\n<meta name=\"robots\" content=\"index, follow, max-snippet:-1, max-image-preview:large, max-video-preview:-1\" \/>\n<link rel=\"canonical\" href=\"https:\/\/www.brfue.com\/blog\/dicas\/implante-capilar-ou-transplante-para-quem-e-indicado-e-como-funciona\/\" \/>\n<meta property=\"og:locale\" content=\"pt_BR\" \/>\n<meta property=\"og:type\" content=\"article\" \/>\n<meta property=\"og:title\" content=\"Implante Capilar ou Transplante: Para quem \u00e9 indicado e como funciona? - BRFUE - Transplante Capilar em BH - Transplante Fio a Fio em BH\" \/>\n<meta property=\"og:description\" content=\"Para quem sofre com a calv\u00edcie, algumas t\u00e9cnicas podem ajudar na restaura\u00e7\u00e3o dos fios.\" \/>\n<meta property=\"og:url\" content=\"https:\/\/www.brfue.com\/blog\/dicas\/implante-capilar-ou-transplante-para-quem-e-indicado-e-como-funciona\/\" \/>\n<meta property=\"og:site_name\" content=\"BRFUE - Transplante Capilar em BH - Transplante Fio a Fio em BH\" \/>\n<meta property=\"article:published_time\" content=\"2023-01-25T13:48:43+00:00\" \/>\n<meta property=\"article:modified_time\" content=\"2023-05-01T17:35:18+00:00\" \/>\n<meta property=\"og:image\" content=\"https:\/\/www.brfue.com\/blog\/wp-content\/uploads\/2023\/01\/IMPLANTE-CAPILAR-OU-TRANSPLANTE-PARA-QUEM-E-INDICADO-E-COMO-FUNCIONA.jpg\" \/>\n\t<meta property=\"og:image:width\" content=\"970\" \/>\n\t<meta property=\"og:image:height\" content=\"492\" \/>\n\t<meta property=\"og:image:type\" content=\"image\/jpeg\" \/>\n<meta name=\"author\" content=\"Editorial BR FUE Transplante Capilar Fio a Fio Transplante Capilar Fio a Fio\" \/>\n<meta name=\"twitter:card\" content=\"summary_large_image\" \/>\n<meta name=\"twitter:label1\" content=\"Escrito por\" \/>\n\t<meta name=\"twitter:data1\" content=\"Editorial BR FUE Transplante Capilar Fio a Fio Transplante Capilar Fio a Fio\" \/>\n\t<meta name=\"twitter:label2\" content=\"Est. tempo de leitura\" \/>\n\t<meta name=\"twitter:data2\" content=\"5 minutos\" \/>\n<script type=\"application\/ld+json\" class=\"yoast-schema-graph\">{\"@context\":\"https:\/\/schema.org\",\"@graph\":[{\"@type\":\"Article\",\"@id\":\"https:\/\/www.brfue.com\/blog\/dicas\/implante-capilar-ou-transplante-para-quem-e-indicado-e-como-funciona\/#article\",\"isPartOf\":{\"@id\":\"https:\/\/www.brfue.com\/blog\/dicas\/implante-capilar-ou-transplante-para-quem-e-indicado-e-como-funciona\/\"},\"author\":{\"name\":\"Editorial BR FUE Transplante Capilar Fio a Fio Transplante Capilar Fio a Fio\",\"@id\":\"https:\/\/www.brfue.com\/blog\/#\/schema\/person\/9a8dad77bcb8b498d1a2611b54d0c8e0\"},\"headline\":\"Implante Capilar ou Transplante: Para quem \u00e9 indicado e como funciona?\",\"datePublished\":\"2023-01-25T13:48:43+00:00\",\"dateModified\":\"2023-05-01T17:35:18+00:00\",\"mainEntityOfPage\":{\"@id\":\"https:\/\/www.brfue.com\/blog\/dicas\/implante-capilar-ou-transplante-para-quem-e-indicado-e-como-funciona\/\"},\"wordCount\":934,\"commentCount\":3,\"publisher\":{\"@id\":\"https:\/\/www.brfue.com\/blog\/#organization\"},\"image\":{\"@id\":\"https:\/\/www.brfue.com\/blog\/dicas\/implante-capilar-ou-transplante-para-quem-e-indicado-e-como-funciona\/#primaryimage\"},\"thumbnailUrl\":\"https:\/\/www.brfue.com\/blog\/wp-content\/uploads\/2023\/01\/IMPLANTE-CAPILAR-OU-TRANSPLANTE-PARA-QUEM-E-INDICADO-E-COMO-FUNCIONA.jpg\",\"keywords\":[\"Implante Capilar\",\"Para quem \u00e9 indicado e como funciona\",\"Transplante Capilar\"],\"articleSection\":[\"Curiosidades\",\"Dicas\",\"Transplante Capilar\"],\"inLanguage\":\"pt-BR\",\"potentialAction\":[{\"@type\":\"CommentAction\",\"name\":\"Comment\",\"target\":[\"https:\/\/www.brfue.com\/blog\/dicas\/implante-capilar-ou-transplante-para-quem-e-indicado-e-como-funciona\/#respond\"]}]},{\"@type\":\"WebPage\",\"@id\":\"https:\/\/www.brfue.com\/blog\/dicas\/implante-capilar-ou-transplante-para-quem-e-indicado-e-como-funciona\/\",\"url\":\"https:\/\/www.brfue.com\/blog\/dicas\/implante-capilar-ou-transplante-para-quem-e-indicado-e-como-funciona\/\",\"name\":\"Implante Capilar ou Transplante: Para quem \u00e9 indicado e como funciona? - BRFUE - Transplante Capilar em BH - Transplante Fio a Fio em BH\",\"isPartOf\":{\"@id\":\"https:\/\/www.brfue.com\/blog\/#website\"},\"primaryImageOfPage\":{\"@id\":\"https:\/\/www.brfue.com\/blog\/dicas\/implante-capilar-ou-transplante-para-quem-e-indicado-e-como-funciona\/#primaryimage\"},\"image\":{\"@id\":\"https:\/\/www.brfue.com\/blog\/dicas\/implante-capilar-ou-transplante-para-quem-e-indicado-e-como-funciona\/#primaryimage\"},\"thumbnailUrl\":\"https:\/\/www.brfue.com\/blog\/wp-content\/uploads\/2023\/01\/IMPLANTE-CAPILAR-OU-TRANSPLANTE-PARA-QUEM-E-INDICADO-E-COMO-FUNCIONA.jpg\",\"datePublished\":\"2023-01-25T13:48:43+00:00\",\"dateModified\":\"2023-05-01T17:35:18+00:00\",\"breadcrumb\":{\"@id\":\"https:\/\/www.brfue.com\/blog\/dicas\/implante-capilar-ou-transplante-para-quem-e-indicado-e-como-funciona\/#breadcrumb\"},\"inLanguage\":\"pt-BR\",\"potentialAction\":[{\"@type\":\"ReadAction\",\"target\":[\"https:\/\/www.brfue.com\/blog\/dicas\/implante-capilar-ou-transplante-para-quem-e-indicado-e-como-funciona\/\"]}]},{\"@type\":\"ImageObject\",\"inLanguage\":\"pt-BR\",\"@id\":\"https:\/\/www.brfue.com\/blog\/dicas\/implante-capilar-ou-transplante-para-quem-e-indicado-e-como-funciona\/#primaryimage\",\"url\":\"https:\/\/www.brfue.com\/blog\/wp-content\/uploads\/2023\/01\/IMPLANTE-CAPILAR-OU-TRANSPLANTE-PARA-QUEM-E-INDICADO-E-COMO-FUNCIONA.jpg\",\"contentUrl\":\"https:\/\/www.brfue.com\/blog\/wp-content\/uploads\/2023\/01\/IMPLANTE-CAPILAR-OU-TRANSPLANTE-PARA-QUEM-E-INDICADO-E-COMO-FUNCIONA.jpg\",\"width\":970,\"height\":492,\"caption\":\"IMPLANTE CAPILAR OU TRANSPLANTE PARA QUEM \u00c9 INDICADO E COMO FUNCIONA\"},{\"@type\":\"BreadcrumbList\",\"@id\":\"https:\/\/www.brfue.com\/blog\/dicas\/implante-capilar-ou-transplante-para-quem-e-indicado-e-como-funciona\/#breadcrumb\",\"itemListElement\":[{\"@type\":\"ListItem\",\"position\":1,\"name\":\"In\u00edcio\",\"item\":\"https:\/\/www.brfue.com\/blog\/\"},{\"@type\":\"ListItem\",\"position\":2,\"name\":\"Implante Capilar ou Transplante: Para quem \u00e9 indicado e como funciona?\"}]},{\"@type\":\"WebSite\",\"@id\":\"https:\/\/www.brfue.com\/blog\/#website\",\"url\":\"https:\/\/www.brfue.com\/blog\/\",\"name\":\"BRFUE - Transplante Capilar em BH - Transplante Fio a Fio em BH\",\"description\":\"Transplante Capilar em BH- Transplante Fio a Fio em BH\",\"publisher\":{\"@id\":\"https:\/\/www.brfue.com\/blog\/#organization\"},\"potentialAction\":[{\"@type\":\"SearchAction\",\"target\":{\"@type\":\"EntryPoint\",\"urlTemplate\":\"https:\/\/www.brfue.com\/blog\/?s={search_term_string}\"},\"query-input\":{\"@type\":\"PropertyValueSpecification\",\"valueRequired\":true,\"valueName\":\"search_term_string\"}}],\"inLanguage\":\"pt-BR\"},{\"@type\":\"Organization\",\"@id\":\"https:\/\/www.brfue.com\/blog\/#organization\",\"name\":\"BRFUE - Transplante Capilar em BH - Transplante Fio a Fio em BH\",\"url\":\"https:\/\/www.brfue.com\/blog\/\",\"logo\":{\"@type\":\"ImageObject\",\"inLanguage\":\"pt-BR\",\"@id\":\"https:\/\/www.brfue.com\/blog\/#\/schema\/logo\/image\/\",\"url\":\"https:\/\/www.brfue.com\/blog\/wp-content\/uploads\/2022\/11\/logo-white.png\",\"contentUrl\":\"https:\/\/www.brfue.com\/blog\/wp-content\/uploads\/2022\/11\/logo-white.png\",\"width\":82,\"height\":20,\"caption\":\"BRFUE - Transplante Capilar em BH - Transplante Fio a Fio  em BH\"},\"image\":{\"@id\":\"https:\/\/www.brfue.com\/blog\/#\/schema\/logo\/image\/\"}},{\"@type\":\"Person\",\"@id\":\"https:\/\/www.brfue.com\/blog\/#\/schema\/person\/9a8dad77bcb8b498d1a2611b54d0c8e0\",\"name\":\"Editorial BR FUE Transplante Capilar Fio a Fio Transplante Capilar Fio a Fio\",\"sameAs\":[\"https:\/\/brfue.com\/blog\"],\"url\":\"https:\/\/www.brfue.com\/blog\/author\/admin\/\"}]}<\/script>\n<!-- \/ Yoast SEO plugin. -->","yoast_head_json":{"title":"Implante Capilar ou Transplante: Para quem \u00e9 indicado e como funciona? - BRFUE - Transplante Capilar em BH - Transplante Fio a Fio em BH","robots":{"index":"index","follow":"follow","max-snippet":"max-snippet:-1","max-image-preview":"max-image-preview:large","max-video-preview":"max-video-preview:-1"},"canonical":"https:\/\/www.brfue.com\/blog\/dicas\/implante-capilar-ou-transplante-para-quem-e-indicado-e-como-funciona\/","og_locale":"pt_BR","og_type":"article","og_title":"Implante Capilar ou Transplante: Para quem \u00e9 indicado e como funciona? - BRFUE - Transplante Capilar em BH - Transplante Fio a Fio em BH","og_description":"Para quem sofre com a calv\u00edcie, algumas t\u00e9cnicas podem ajudar na restaura\u00e7\u00e3o dos fios.","og_url":"https:\/\/www.brfue.com\/blog\/dicas\/implante-capilar-ou-transplante-para-quem-e-indicado-e-como-funciona\/","og_site_name":"BRFUE - Transplante Capilar em BH - Transplante Fio a Fio em BH","article_published_time":"2023-01-25T13:48:43+00:00","article_modified_time":"2023-05-01T17:35:18+00:00","og_image":[{"width":970,"height":492,"url":"https:\/\/www.brfue.com\/blog\/wp-content\/uploads\/2023\/01\/IMPLANTE-CAPILAR-OU-TRANSPLANTE-PARA-QUEM-E-INDICADO-E-COMO-FUNCIONA.jpg","type":"image\/jpeg"}],"author":"Editorial BR FUE Transplante Capilar Fio a Fio Transplante Capilar Fio a Fio","twitter_card":"summary_large_image","twitter_misc":{"Escrito por":"Editorial BR FUE Transplante Capilar Fio a Fio Transplante Capilar Fio a Fio","Est. tempo de leitura":"5 minutos"},"schema":{"@context":"https:\/\/schema.org","@graph":[{"@type":"Article","@id":"https:\/\/www.brfue.com\/blog\/dicas\/implante-capilar-ou-transplante-para-quem-e-indicado-e-como-funciona\/#article","isPartOf":{"@id":"https:\/\/www.brfue.com\/blog\/dicas\/implante-capilar-ou-transplante-para-quem-e-indicado-e-como-funciona\/"},"author":{"name":"Editorial BR FUE Transplante Capilar Fio a Fio Transplante Capilar Fio a Fio","@id":"https:\/\/www.brfue.com\/blog\/#\/schema\/person\/9a8dad77bcb8b498d1a2611b54d0c8e0"},"headline":"Implante Capilar ou Transplante: Para quem \u00e9 indicado e como funciona?","datePublished":"2023-01-25T13:48:43+00:00","dateModified":"2023-05-01T17:35:18+00:00","mainEntityOfPage":{"@id":"https:\/\/www.brfue.com\/blog\/dicas\/implante-capilar-ou-transplante-para-quem-e-indicado-e-como-funciona\/"},"wordCount":934,"commentCount":3,"publisher":{"@id":"https:\/\/www.brfue.com\/blog\/#organization"},"image":{"@id":"https:\/\/www.brfue.com\/blog\/dicas\/implante-capilar-ou-transplante-para-quem-e-indicado-e-como-funciona\/#primaryimage"},"thumbnailUrl":"https:\/\/www.brfue.com\/blog\/wp-content\/uploads\/2023\/01\/IMPLANTE-CAPILAR-OU-TRANSPLANTE-PARA-QUEM-E-INDICADO-E-COMO-FUNCIONA.jpg","keywords":["Implante Capilar","Para quem \u00e9 indicado e como funciona","Transplante Capilar"],"articleSection":["Curiosidades","Dicas","Transplante Capilar"],"inLanguage":"pt-BR","potentialAction":[{"@type":"CommentAction","name":"Comment","target":["https:\/\/www.brfue.com\/blog\/dicas\/implante-capilar-ou-transplante-para-quem-e-indicado-e-como-funciona\/#respond"]}]},{"@type":"WebPage","@id":"https:\/\/www.brfue.com\/blog\/dicas\/implante-capilar-ou-transplante-para-quem-e-indicado-e-como-funciona\/","url":"https:\/\/www.brfue.com\/blog\/dicas\/implante-capilar-ou-transplante-para-quem-e-indicado-e-como-funciona\/","name":"Implante Capilar ou Transplante: Para quem \u00e9 indicado e como funciona? - BRFUE - Transplante Capilar em BH - Transplante Fio a Fio em BH","isPartOf":{"@id":"https:\/\/www.brfue.com\/blog\/#website"},"primaryImageOfPage":{"@id":"https:\/\/www.brfue.com\/blog\/dicas\/implante-capilar-ou-transplante-para-quem-e-indicado-e-como-funciona\/#primaryimage"},"image":{"@id":"https:\/\/www.brfue.com\/blog\/dicas\/implante-capilar-ou-transplante-para-quem-e-indicado-e-como-funciona\/#primaryimage"},"thumbnailUrl":"https:\/\/www.brfue.com\/blog\/wp-content\/uploads\/2023\/01\/IMPLANTE-CAPILAR-OU-TRANSPLANTE-PARA-QUEM-E-INDICADO-E-COMO-FUNCIONA.jpg","datePublished":"2023-01-25T13:48:43+00:00","dateModified":"2023-05-01T17:35:18+00:00","breadcrumb":{"@id":"https:\/\/www.brfue.com\/blog\/dicas\/implante-capilar-ou-transplante-para-quem-e-indicado-e-como-funciona\/#breadcrumb"},"inLanguage":"pt-BR","potentialAction":[{"@type":"ReadAction","target":["https:\/\/www.brfue.com\/blog\/dicas\/implante-capilar-ou-transplante-para-quem-e-indicado-e-como-funciona\/"]}]},{"@type":"ImageObject","inLanguage":"pt-BR","@id":"https:\/\/www.brfue.com\/blog\/dicas\/implante-capilar-ou-transplante-para-quem-e-indicado-e-como-funciona\/#primaryimage","url":"https:\/\/www.brfue.com\/blog\/wp-content\/uploads\/2023\/01\/IMPLANTE-CAPILAR-OU-TRANSPLANTE-PARA-QUEM-E-INDICADO-E-COMO-FUNCIONA.jpg","contentUrl":"https:\/\/www.brfue.com\/blog\/wp-content\/uploads\/2023\/01\/IMPLANTE-CAPILAR-OU-TRANSPLANTE-PARA-QUEM-E-INDICADO-E-COMO-FUNCIONA.jpg","width":970,"height":492,"caption":"IMPLANTE CAPILAR OU TRANSPLANTE PARA QUEM \u00c9 INDICADO E COMO FUNCIONA"},{"@type":"BreadcrumbList","@id":"https:\/\/www.brfue.com\/blog\/dicas\/implante-capilar-ou-transplante-para-quem-e-indicado-e-como-funciona\/#breadcrumb","itemListElement":[{"@type":"ListItem","position":1,"name":"In\u00edcio","item":"https:\/\/www.brfue.com\/blog\/"},{"@type":"ListItem","position":2,"name":"Implante Capilar ou Transplante: Para quem \u00e9 indicado e como funciona?"}]},{"@type":"WebSite","@id":"https:\/\/www.brfue.com\/blog\/#website","url":"https:\/\/www.brfue.com\/blog\/","name":"BRFUE - Transplante Capilar em BH - Transplante Fio a Fio em BH","description":"Transplante Capilar em BH- Transplante Fio a Fio em BH","publisher":{"@id":"https:\/\/www.brfue.com\/blog\/#organization"},"potentialAction":[{"@type":"SearchAction","target":{"@type":"EntryPoint","urlTemplate":"https:\/\/www.brfue.com\/blog\/?s={search_term_string}"},"query-input":{"@type":"PropertyValueSpecification","valueRequired":true,"valueName":"search_term_string"}}],"inLanguage":"pt-BR"},{"@type":"Organization","@id":"https:\/\/www.brfue.com\/blog\/#organization","name":"BRFUE - Transplante Capilar em BH - Transplante Fio a Fio em BH","url":"https:\/\/www.brfue.com\/blog\/","logo":{"@type":"ImageObject","inLanguage":"pt-BR","@id":"https:\/\/www.brfue.com\/blog\/#\/schema\/logo\/image\/","url":"https:\/\/www.brfue.com\/blog\/wp-content\/uploads\/2022\/11\/logo-white.png","contentUrl":"https:\/\/www.brfue.com\/blog\/wp-content\/uploads\/2022\/11\/logo-white.png","width":82,"height":20,"caption":"BRFUE - Transplante Capilar em BH - Transplante Fio a Fio  em BH"},"image":{"@id":"https:\/\/www.brfue.com\/blog\/#\/schema\/logo\/image\/"}},{"@type":"Person","@id":"https:\/\/www.brfue.com\/blog\/#\/schema\/person\/9a8dad77bcb8b498d1a2611b54d0c8e0","name":"Editorial BR FUE Transplante Capilar Fio a Fio Transplante Capilar Fio a Fio","sameAs":["https:\/\/brfue.com\/blog"],"url":"https:\/\/www.brfue.com\/blog\/author\/admin\/"}]}},"_links":{"self":[{"href":"https:\/\/www.brfue.com\/blog\/wp-json\/wp\/v2\/posts\/804","targetHints":{"allow":["GET"]}}],"collection":[{"href":"https:\/\/www.brfue.com\/blog\/wp-json\/wp\/v2\/posts"}],"about":[{"href":"https:\/\/www.brfue.com\/blog\/wp-json\/wp\/v2\/types\/post"}],"author":[{"embeddable":true,"href":"https:\/\/www.brfue.com\/blog\/wp-json\/wp\/v2\/users\/1"}],"replies":[{"embeddable":true,"href":"https:\/\/www.brfue.com\/blog\/wp-json\/wp\/v2\/comments?post=804"}],"version-history":[{"count":2,"href":"https:\/\/www.brfue.com\/blog\/wp-json\/wp\/v2\/posts\/804\/revisions"}],"predecessor-version":[{"id":889,"href":"https:\/\/www.brfue.com\/blog\/wp-json\/wp\/v2\/posts\/804\/revisions\/889"}],"wp:featuredmedia":[{"embeddable":true,"href":"https:\/\/www.brfue.com\/blog\/wp-json\/wp\/v2\/media\/888"}],"wp:attachment":[{"href":"https:\/\/www.brfue.com\/blog\/wp-json\/wp\/v2\/media?parent=804"}],"wp:term":[{"taxonomy":"category","embeddable":true,"href":"https:\/\/www.brfue.com\/blog\/wp-json\/wp\/v2\/categories?post=804"},{"taxonomy":"post_tag","embeddable":true,"href":"https:\/\/www.brfue.com\/blog\/wp-json\/wp\/v2\/tags?post=804"}],"curies":[{"name":"wp","href":"https:\/\/api.w.org\/{rel}","templated":true}]}}