{"id":1347,"date":"2025-07-09T13:02:52","date_gmt":"2025-07-09T13:02:52","guid":{"rendered":"https:\/\/www.brfue.com\/blog\/?p=1347"},"modified":"2025-07-09T13:02:53","modified_gmt":"2025-07-09T13:02:53","slug":"tratamento-avancado-para-calvicie-em-bh","status":"publish","type":"post","link":"https:\/\/www.brfue.com\/blog\/calvicie\/tratamento-avancado-para-calvicie-em-bh\/","title":{"rendered":"Tratamento Avan\u00e7ado para Calv\u00edcie em BH"},"content":{"rendered":"\n<p>A calv\u00edcie \u00e9 um problema que afeta milh\u00f5es de pessoas em todo o mundo, impactando n\u00e3o apenas a est\u00e9tica, mas tamb\u00e9m a autoestima e o bem-estar emocional. Em Belo Horizonte, a busca por t<a href=\"https:\/\/www.brfue.com\/\"><strong>ratamentos avan\u00e7ados para calv\u00edcie<\/strong><\/a> tem crescido significativamente, impulsionada pela evolu\u00e7\u00e3o das t\u00e9cnicas m\u00e9dicas e pela maior conscientiza\u00e7\u00e3o sobre as op\u00e7\u00f5es dispon\u00edveis. <\/p>\n\n\n\n<p>Este artigo traz uma an\u00e1lise detalhada sobre as solu\u00e7\u00f5es modernas para a calv\u00edcie, os desafios enfrentados no Brasil, e como se destacar neste mercado promissor.<\/p>\n\n\n\n<h2 class=\"wp-block-heading\">Entendendo a Calv\u00edcie: Causas e Impactos<\/h2>\n\n\n\n<p>A calv\u00edcie, ou alopecia androgen\u00e9tica, \u00e9 a forma mais comum de perda de cabelo e tem origem gen\u00e9tica e hormonal. No Brasil, estima-se que cerca de 25% dos homens j\u00e1 apresentem sinais de calv\u00edcie antes dos 30 anos. Al\u00e9m dos fatores heredit\u00e1rios, o estresse, m\u00e1 alimenta\u00e7\u00e3o e algumas doen\u00e7as tamb\u00e9m contribuem para a queda capilar.<\/p>\n\n\n\n<p>O impacto da calv\u00edcie vai al\u00e9m da apar\u00eancia: muitos pacientes relatam queda de autoestima, ansiedade e at\u00e9 depress\u00e3o, mostrando a import\u00e2ncia de um tratamento eficaz que leve em considera\u00e7\u00e3o tanto o aspecto f\u00edsico quanto o psicol\u00f3gico.<\/p>\n\n\n\n<h2 class=\"wp-block-heading\">Principais Tratamentos Avan\u00e7ados Dispon\u00edveis em Belo Horizonte<\/h2>\n\n\n\n<p>Belo Horizonte conta com cl\u00ednicas especializadas que oferecem tecnologias avan\u00e7adas para o tratamento da calv\u00edcie. Entre as op\u00e7\u00f5es mais modernas, destacam-se:<\/p>\n\n\n\n<ul class=\"wp-block-list\">\n<li><strong>Transplante Capilar FUE (Follicular Unit Extraction):<\/strong> T\u00e9cnica minimamente invasiva que retira unidades foliculares individuais da \u00e1rea doadora para implant\u00e1-las nas regi\u00f5es calvas. O m\u00e9todo proporciona resultados naturais e cicatrizes quase invis\u00edveis.<\/li>\n\n\n\n<li><strong>Terapia com Plasma Rico em Plaquetas (PRP):<\/strong> Tratamento que utiliza o pr\u00f3prio sangue do paciente para estimular o crescimento dos fios e a regenera\u00e7\u00e3o do couro cabeludo.<\/li>\n\n\n\n<li><strong>Laser de Baixa Intensidade:<\/strong> Ajuda a fortalecer os fol\u00edculos capilares, retardando a queda e estimulando o crescimento.<\/li>\n<\/ul>\n\n\n\n<p>Esses tratamentos s\u00e3o complementares e podem ser combinados para otimizar os resultados, conforme avalia\u00e7\u00e3o m\u00e9dica personalizada.<\/p>\n\n\n\n<h2 class=\"wp-block-heading\">Desafios do Tratamento Capilar no Brasil e em BH<\/h2>\n\n\n\n<p>Apesar do avan\u00e7o tecnol\u00f3gico, o tratamento da calv\u00edcie no Brasil enfrenta desafios espec\u00edficos. O acesso a cl\u00ednicas de qualidade ainda \u00e9 limitado fora dos grandes centros urbanos, e o custo dos procedimentos pode ser elevado para parte da popula\u00e7\u00e3o. Em Belo Horizonte, embora existam op\u00e7\u00f5es avan\u00e7adas, a procura crescente exige que as cl\u00ednicas invistam em capacita\u00e7\u00e3o e atendimento humanizado.<\/p>\n\n\n\n<p>Al\u00e9m disso, \u00e9 comum que pacientes busquem solu\u00e7\u00f5es r\u00e1pidas e milagrosas, o que gera expectativas irreais e insatisfa\u00e7\u00e3o. Por isso, a orienta\u00e7\u00e3o m\u00e9dica clara e transparente \u00e9 fundamental para o sucesso do tratamento.<\/p>\n\n\n\n<h2 class=\"wp-block-heading\">Import\u00e2ncia da Avalia\u00e7\u00e3o Personalizada e do Acompanhamento<\/h2>\n\n\n\n<p>Cada caso de calv\u00edcie tem suas particularidades, seja pela causa, est\u00e1gio da perda capilar ou condi\u00e7\u00e3o geral de sa\u00fade do paciente. Por isso, o tratamento avan\u00e7ado para calv\u00edcie em BH come\u00e7a por uma avalia\u00e7\u00e3o detalhada feita por profissionais especializados.<\/p>\n\n\n\n<p>Esse acompanhamento inclui exames cl\u00ednicos, hist\u00f3ricos familiares, an\u00e1lise do couro cabeludo e a defini\u00e7\u00e3o de um plano de tratamento que pode englobar medica\u00e7\u00f5es, terapias e procedimentos cir\u00fargicos. O monitoramento cont\u00ednuo \u00e9 essencial para ajustar as estrat\u00e9gias conforme a resposta do paciente.<\/p>\n\n\n\n<h2 class=\"wp-block-heading\">Casos Reais e Resultados Comprovados em Belo Horizonte<\/h2>\n\n\n\n<p>Em BH, diversas cl\u00ednicas j\u00e1 conquistaram resultados expressivos com tratamentos avan\u00e7ados para calv\u00edcie. Por exemplo, um estudo de caso mostrou que pacientes submetidos ao transplante FUE, associados ao PRP, tiveram aumento m\u00e9dio de 40% na densidade capilar em 12 meses, al\u00e9m de melhora significativa na qualidade dos fios.<\/p>\n\n\n\n<p>Esses resultados s\u00e3o poss\u00edveis gra\u00e7as \u00e0 combina\u00e7\u00e3o de t\u00e9cnicas, tecnologia de ponta e equipe m\u00e9dica experiente, que acompanha o paciente do pr\u00e9 ao p\u00f3s-operat\u00f3rio, garantindo recupera\u00e7\u00e3o r\u00e1pida e naturalidade no visual.<\/p>\n\n\n\n<h2 class=\"wp-block-heading\">Mercado e Oportunidades para Profissionais em Tratamento Capilar em BH<\/h2>\n\n\n\n<p>O mercado de tratamento capilar em Belo Horizonte \u00e9 promissor, com crescimento anual impulsionado pela maior procura masculina e feminina por solu\u00e7\u00f5es eficazes para a calv\u00edcie. Profissionais que desejam atuar neste setor devem investir em atualiza\u00e7\u00e3o constante, conhecer as novas t\u00e9cnicas e tecnologias, al\u00e9m de desenvolver habilidades para um atendimento personalizado.<\/p>\n\n\n\n<p>Cl\u00ednicas que oferecem servi\u00e7os de ponta e focam na experi\u00eancia do paciente tendem a se destacar, consolidando-se como refer\u00eancias locais e nacionais.<\/p>\n\n\n\n<h2 class=\"wp-block-heading\">Dicas Incr\u00edveis para Quem Deseja Atuar com Tratamento Avan\u00e7ado para Calv\u00edcie<\/h2>\n\n\n\n<ol class=\"wp-block-list\">\n<li><strong>Especialize-se em t\u00e9cnicas modernas:<\/strong> Estude procedimentos como FUE, PRP e laserterapia para oferecer tratamentos diferenciados e eficazes.<\/li>\n\n\n\n<li><strong>Invista em tecnologia:<\/strong> Equipamentos de qualidade elevam o padr\u00e3o do servi\u00e7o e aumentam a confian\u00e7a do paciente.<\/li>\n\n\n\n<li><strong>Priorize o atendimento humanizado:<\/strong> Escute o paciente, entenda suas expectativas e ofere\u00e7a suporte emocional durante o processo.<\/li>\n\n\n\n<li><strong>Atualize-se constantemente:<\/strong> O campo da tricologia est\u00e1 em constante evolu\u00e7\u00e3o; participe de congressos, workshops e cursos.<\/li>\n\n\n\n<li><strong>Comunique-se claramente:<\/strong> Explique o tratamento, os resultados esperados e poss\u00edveis limita\u00e7\u00f5es para evitar frustra\u00e7\u00f5es.<\/li>\n<\/ol>\n\n\n\n<h2 class=\"wp-block-heading\">Perguntas Frequentes (FAQ) sobre Tratamento Avan\u00e7ado para Calv\u00edcie<\/h2>\n\n\n\n<p><strong>1. O transplante capilar d\u00f3i?<\/strong><br>O procedimento \u00e9 feito sob anestesia local, o que minimiza a dor durante a cirurgia. Ap\u00f3s, pode haver desconforto leve, controlado com medica\u00e7\u00e3o.<\/p>\n\n\n\n<p><strong>2. Quanto tempo leva para ver os resultados do tratamento?<\/strong><br>Os resultados come\u00e7am a aparecer a partir de 3 a 6 meses, com melhorias significativas entre 9 e 12 meses, dependendo do m\u00e9todo utilizado.<\/p>\n\n\n\n<p><strong>3. \u00c9 poss\u00edvel combinar tratamentos para melhorar a efic\u00e1cia?<\/strong><br>Sim, a combina\u00e7\u00e3o de transplante com PRP e laserterapia \u00e9 comum e potencializa o crescimento dos fios.<\/p>\n\n\n\n<p><strong>4. Quem pode fazer transplante capilar?<\/strong><br>Adultos com boa sa\u00fade e \u00e1reas doadoras suficientes podem ser candidatos, ap\u00f3s avalia\u00e7\u00e3o m\u00e9dica.<\/p>\n\n\n\n<p><strong>5. O tratamento capilar funciona para mulheres?<\/strong><br>Sim, mulheres tamb\u00e9m podem se beneficiar de terapias avan\u00e7adas, com protocolos espec\u00edficos para cada caso.<\/p>\n\n\n\n<h3 class=\"wp-block-heading\">Conclus\u00e3o<\/h3>\n\n\n\n<p>O tratamento avan\u00e7ado para calv\u00edcie em Belo Horizonte representa uma esperan\u00e7a real para quem busca recuperar a autoestima e o bem-estar atrav\u00e9s da recupera\u00e7\u00e3o capilar. Com op\u00e7\u00f5es modernas e eficientes, somadas a uma abordagem personalizada, \u00e9 poss\u00edvel obter resultados naturais e duradouros.<\/p>\n\n\n\n<p>Para quem deseja um atendimento de excel\u00eancia em BH, a BRFUE destaca-se como refer\u00eancia em tratamentos capilares, combinando tecnologia de ponta, equipe qualificada e um atendimento humanizado, capaz de transformar vidas por meio da ci\u00eancia e do cuidado.<\/p>\n\n\n\n<p>Se a calv\u00edcie \u00e9 um desafio para voc\u00ea, saiba que h\u00e1 solu\u00e7\u00f5es avan\u00e7adas e acess\u00edveis, prontas para devolver a confian\u00e7a e o sorriso. Invista em voc\u00ea, busque o melhor e viva a transforma\u00e7\u00e3o que merece.<\/p>\n\n\n\n<p>\ud83c\udf10 <a href=\"https:\/\/www.brfue.com\/blog\/\">BRFUE \u2013 Transplante Fio a Fio<\/a><br>\ud83d\udcf2 <a href=\"https:\/\/api.whatsapp.com\/send?phone=5531984977573\">(31) 98497-7573<\/a><br>\u2753 Ficou com alguma duvida? Entre em contato!<br>\ud83d\udccd BRFUE -Av. Afonso Pena, 4273 \u2013 Sala 306 \u2013 Serra<br>\ud83d\udce2 <a href=\"https:\/\/www.brfue.com\/blog\/\" target=\"_blank\" rel=\"noreferrer noopener\"><\/a><a href=\"https:\/\/www.brfue.com\/blog\/\" target=\"_blank\" rel=\"noreferrer noopener\">Blog BRFUE<\/a> &#8211; <a href=\"https:\/\/www.brfue.com\/blog\/\" target=\"_blank\" rel=\"noreferrer noopener\">Dicas, Novidades e Curiosidades sobre Transplante Capilar Fio a Fio<\/a><\/p>\n","protected":false},"excerpt":{"rendered":"<p>A calv\u00edcie \u00e9 um problema que afeta milh\u00f5es de pessoas em todo o mundo, impactando n\u00e3o apenas a est\u00e9tica, mas tamb\u00e9m a autoestima e o bem-estar emocional. Em Belo Horizonte, a busca por tratamentos avan\u00e7ados para calv\u00edcie tem crescido significativamente, impulsionada pela evolu\u00e7\u00e3o das t\u00e9cnicas m\u00e9dicas e pela maior conscientiza\u00e7\u00e3o sobre as op\u00e7\u00f5es dispon\u00edveis. Este &hellip;<\/p>\n<p class=\"read-more\"> <a class=\"\" href=\"https:\/\/www.brfue.com\/blog\/calvicie\/tratamento-avancado-para-calvicie-em-bh\/\"> <span class=\"screen-reader-text\">Tratamento Avan\u00e7ado para Calv\u00edcie em BH<\/span> Leia mais &raquo;<\/a><\/p>\n","protected":false},"author":1,"featured_media":1142,"comment_status":"closed","ping_status":"open","sticky":false,"template":"","format":"standard","meta":{"site-sidebar-layout":"default","site-content-layout":"default","ast-global-header-display":"","ast-main-header-display":"","ast-hfb-above-header-display":"","ast-hfb-below-header-display":"","ast-hfb-mobile-header-display":"","site-post-title":"","ast-breadcrumbs-content":"","ast-featured-img":"","footer-sml-layout":"","theme-transparent-header-meta":"","adv-header-id-meta":"","stick-header-meta":"","header-above-stick-meta":"","header-main-stick-meta":"","header-below-stick-meta":"","footnotes":""},"categories":[32,9,1,38,10],"tags":[172,33,131,12,171],"class_list":["post-1347","post","type-post","status-publish","format-standard","has-post-thumbnail","hentry","category-calvicie","category-curiosidades","category-dicas","category-implante-capilar","category-transplante-capilar","tag-belo-horizonte","tag-calvicie","tag-queda-de-cabelo","tag-transplante-capilar","tag-tratamento-capilar"],"yoast_head":"<!-- This site is optimized with the Yoast SEO plugin v25.5 - https:\/\/yoast.com\/wordpress\/plugins\/seo\/ -->\n<title>Tratamento Avan\u00e7ado para Calv\u00edcie em BH - BRFUE - Transplante Capilar em BH - Transplante Fio a Fio em BH<\/title>\n<meta name=\"description\" content=\"Tratamento Avan\u00e7ado para Calv\u00edcie em BH. A calv\u00edcie \u00e9 um problema que afeta milh\u00f5es de pessoas em todo o mundo.\" \/>\n<meta name=\"robots\" content=\"index, follow, max-snippet:-1, max-image-preview:large, max-video-preview:-1\" \/>\n<link rel=\"canonical\" href=\"https:\/\/www.brfue.com\/blog\/calvicie\/tratamento-avancado-para-calvicie-em-bh\/\" \/>\n<meta property=\"og:locale\" content=\"pt_BR\" \/>\n<meta property=\"og:type\" content=\"article\" \/>\n<meta property=\"og:title\" content=\"Tratamento Avan\u00e7ado para Calv\u00edcie em BH - BRFUE - Transplante Capilar em BH - Transplante Fio a Fio em BH\" \/>\n<meta property=\"og:description\" content=\"Tratamento Avan\u00e7ado para Calv\u00edcie em BH. A calv\u00edcie \u00e9 um problema que afeta milh\u00f5es de pessoas em todo o mundo.\" \/>\n<meta property=\"og:url\" content=\"https:\/\/www.brfue.com\/blog\/calvicie\/tratamento-avancado-para-calvicie-em-bh\/\" \/>\n<meta property=\"og:site_name\" content=\"BRFUE - Transplante Capilar em BH - Transplante Fio a Fio em BH\" \/>\n<meta property=\"article:published_time\" content=\"2025-07-09T13:02:52+00:00\" \/>\n<meta property=\"article:modified_time\" content=\"2025-07-09T13:02:53+00:00\" \/>\n<meta property=\"og:image\" content=\"https:\/\/www.brfue.com\/blog\/wp-content\/uploads\/2024\/07\/O-que-Voce-Deve-Saber-sobre-a-Anestesia-no-Transplante-Capilar.webp\" \/>\n\t<meta property=\"og:image:width\" content=\"774\" \/>\n\t<meta property=\"og:image:height\" content=\"1032\" \/>\n\t<meta property=\"og:image:type\" content=\"image\/webp\" \/>\n<meta name=\"author\" content=\"Editorial BR FUE Transplante Capilar Fio a Fio Transplante Capilar Fio a Fio\" \/>\n<meta name=\"twitter:card\" content=\"summary_large_image\" \/>\n<meta name=\"twitter:label1\" content=\"Escrito por\" \/>\n\t<meta name=\"twitter:data1\" content=\"Editorial BR FUE Transplante Capilar Fio a Fio Transplante Capilar Fio a Fio\" \/>\n\t<meta name=\"twitter:label2\" content=\"Est. tempo de leitura\" \/>\n\t<meta name=\"twitter:data2\" content=\"6 minutos\" \/>\n<script type=\"application\/ld+json\" class=\"yoast-schema-graph\">{\"@context\":\"https:\/\/schema.org\",\"@graph\":[{\"@type\":\"Article\",\"@id\":\"https:\/\/www.brfue.com\/blog\/calvicie\/tratamento-avancado-para-calvicie-em-bh\/#article\",\"isPartOf\":{\"@id\":\"https:\/\/www.brfue.com\/blog\/calvicie\/tratamento-avancado-para-calvicie-em-bh\/\"},\"author\":{\"name\":\"Editorial BR FUE Transplante Capilar Fio a Fio Transplante Capilar Fio a Fio\",\"@id\":\"https:\/\/www.brfue.com\/blog\/#\/schema\/person\/9a8dad77bcb8b498d1a2611b54d0c8e0\"},\"headline\":\"Tratamento Avan\u00e7ado para Calv\u00edcie em BH\",\"datePublished\":\"2025-07-09T13:02:52+00:00\",\"dateModified\":\"2025-07-09T13:02:53+00:00\",\"mainEntityOfPage\":{\"@id\":\"https:\/\/www.brfue.com\/blog\/calvicie\/tratamento-avancado-para-calvicie-em-bh\/\"},\"wordCount\":1169,\"publisher\":{\"@id\":\"https:\/\/www.brfue.com\/blog\/#organization\"},\"image\":{\"@id\":\"https:\/\/www.brfue.com\/blog\/calvicie\/tratamento-avancado-para-calvicie-em-bh\/#primaryimage\"},\"thumbnailUrl\":\"https:\/\/www.brfue.com\/blog\/wp-content\/uploads\/2024\/07\/O-que-Voce-Deve-Saber-sobre-a-Anestesia-no-Transplante-Capilar.webp\",\"keywords\":[\"Belo Horizonte\",\"Calv\u00edcie\",\"queda de cabelo\",\"Transplante Capilar\",\"tratamento capilar\"],\"articleSection\":[\"Calv\u00edcie\",\"Curiosidades\",\"Dicas\",\"Implante Capilar\",\"Transplante Capilar\"],\"inLanguage\":\"pt-BR\"},{\"@type\":\"WebPage\",\"@id\":\"https:\/\/www.brfue.com\/blog\/calvicie\/tratamento-avancado-para-calvicie-em-bh\/\",\"url\":\"https:\/\/www.brfue.com\/blog\/calvicie\/tratamento-avancado-para-calvicie-em-bh\/\",\"name\":\"Tratamento Avan\u00e7ado para Calv\u00edcie em BH - BRFUE - Transplante Capilar em BH - Transplante Fio a Fio em BH\",\"isPartOf\":{\"@id\":\"https:\/\/www.brfue.com\/blog\/#website\"},\"primaryImageOfPage\":{\"@id\":\"https:\/\/www.brfue.com\/blog\/calvicie\/tratamento-avancado-para-calvicie-em-bh\/#primaryimage\"},\"image\":{\"@id\":\"https:\/\/www.brfue.com\/blog\/calvicie\/tratamento-avancado-para-calvicie-em-bh\/#primaryimage\"},\"thumbnailUrl\":\"https:\/\/www.brfue.com\/blog\/wp-content\/uploads\/2024\/07\/O-que-Voce-Deve-Saber-sobre-a-Anestesia-no-Transplante-Capilar.webp\",\"datePublished\":\"2025-07-09T13:02:52+00:00\",\"dateModified\":\"2025-07-09T13:02:53+00:00\",\"description\":\"Tratamento Avan\u00e7ado para Calv\u00edcie em BH. A calv\u00edcie \u00e9 um problema que afeta milh\u00f5es de pessoas em todo o mundo.\",\"breadcrumb\":{\"@id\":\"https:\/\/www.brfue.com\/blog\/calvicie\/tratamento-avancado-para-calvicie-em-bh\/#breadcrumb\"},\"inLanguage\":\"pt-BR\",\"potentialAction\":[{\"@type\":\"ReadAction\",\"target\":[\"https:\/\/www.brfue.com\/blog\/calvicie\/tratamento-avancado-para-calvicie-em-bh\/\"]}]},{\"@type\":\"ImageObject\",\"inLanguage\":\"pt-BR\",\"@id\":\"https:\/\/www.brfue.com\/blog\/calvicie\/tratamento-avancado-para-calvicie-em-bh\/#primaryimage\",\"url\":\"https:\/\/www.brfue.com\/blog\/wp-content\/uploads\/2024\/07\/O-que-Voce-Deve-Saber-sobre-a-Anestesia-no-Transplante-Capilar.webp\",\"contentUrl\":\"https:\/\/www.brfue.com\/blog\/wp-content\/uploads\/2024\/07\/O-que-Voce-Deve-Saber-sobre-a-Anestesia-no-Transplante-Capilar.webp\",\"width\":774,\"height\":1032,\"caption\":\"O que Voc\u00ea Deve Saber sobre a Anestesia no Transplante Capilar? Entender os diferentes tipos de anestesia \u00e9 essencial para qualquer pessoa!\"},{\"@type\":\"BreadcrumbList\",\"@id\":\"https:\/\/www.brfue.com\/blog\/calvicie\/tratamento-avancado-para-calvicie-em-bh\/#breadcrumb\",\"itemListElement\":[{\"@type\":\"ListItem\",\"position\":1,\"name\":\"In\u00edcio\",\"item\":\"https:\/\/www.brfue.com\/blog\/\"},{\"@type\":\"ListItem\",\"position\":2,\"name\":\"Tratamento Avan\u00e7ado para Calv\u00edcie em BH\"}]},{\"@type\":\"WebSite\",\"@id\":\"https:\/\/www.brfue.com\/blog\/#website\",\"url\":\"https:\/\/www.brfue.com\/blog\/\",\"name\":\"BRFUE - Transplante Capilar em BH - Transplante Fio a Fio em BH\",\"description\":\"Transplante Capilar em BH- Transplante Fio a Fio em BH\",\"publisher\":{\"@id\":\"https:\/\/www.brfue.com\/blog\/#organization\"},\"potentialAction\":[{\"@type\":\"SearchAction\",\"target\":{\"@type\":\"EntryPoint\",\"urlTemplate\":\"https:\/\/www.brfue.com\/blog\/?s={search_term_string}\"},\"query-input\":{\"@type\":\"PropertyValueSpecification\",\"valueRequired\":true,\"valueName\":\"search_term_string\"}}],\"inLanguage\":\"pt-BR\"},{\"@type\":\"Organization\",\"@id\":\"https:\/\/www.brfue.com\/blog\/#organization\",\"name\":\"BRFUE - Transplante Capilar em BH - Transplante Fio a Fio em BH\",\"url\":\"https:\/\/www.brfue.com\/blog\/\",\"logo\":{\"@type\":\"ImageObject\",\"inLanguage\":\"pt-BR\",\"@id\":\"https:\/\/www.brfue.com\/blog\/#\/schema\/logo\/image\/\",\"url\":\"https:\/\/www.brfue.com\/blog\/wp-content\/uploads\/2022\/11\/logo-white.png\",\"contentUrl\":\"https:\/\/www.brfue.com\/blog\/wp-content\/uploads\/2022\/11\/logo-white.png\",\"width\":82,\"height\":20,\"caption\":\"BRFUE - Transplante Capilar em BH - Transplante Fio a Fio  em BH\"},\"image\":{\"@id\":\"https:\/\/www.brfue.com\/blog\/#\/schema\/logo\/image\/\"}},{\"@type\":\"Person\",\"@id\":\"https:\/\/www.brfue.com\/blog\/#\/schema\/person\/9a8dad77bcb8b498d1a2611b54d0c8e0\",\"name\":\"Editorial BR FUE Transplante Capilar Fio a Fio Transplante Capilar Fio a Fio\",\"sameAs\":[\"https:\/\/brfue.com\/blog\"],\"url\":\"https:\/\/www.brfue.com\/blog\/author\/admin\/\"}]}<\/script>\n<!-- \/ Yoast SEO plugin. -->","yoast_head_json":{"title":"Tratamento Avan\u00e7ado para Calv\u00edcie em BH - BRFUE - Transplante Capilar em BH - Transplante Fio a Fio em BH","description":"Tratamento Avan\u00e7ado para Calv\u00edcie em BH. A calv\u00edcie \u00e9 um problema que afeta milh\u00f5es de pessoas em todo o mundo.","robots":{"index":"index","follow":"follow","max-snippet":"max-snippet:-1","max-image-preview":"max-image-preview:large","max-video-preview":"max-video-preview:-1"},"canonical":"https:\/\/www.brfue.com\/blog\/calvicie\/tratamento-avancado-para-calvicie-em-bh\/","og_locale":"pt_BR","og_type":"article","og_title":"Tratamento Avan\u00e7ado para Calv\u00edcie em BH - BRFUE - Transplante Capilar em BH - Transplante Fio a Fio em BH","og_description":"Tratamento Avan\u00e7ado para Calv\u00edcie em BH. A calv\u00edcie \u00e9 um problema que afeta milh\u00f5es de pessoas em todo o mundo.","og_url":"https:\/\/www.brfue.com\/blog\/calvicie\/tratamento-avancado-para-calvicie-em-bh\/","og_site_name":"BRFUE - Transplante Capilar em BH - Transplante Fio a Fio em BH","article_published_time":"2025-07-09T13:02:52+00:00","article_modified_time":"2025-07-09T13:02:53+00:00","og_image":[{"width":774,"height":1032,"url":"https:\/\/www.brfue.com\/blog\/wp-content\/uploads\/2024\/07\/O-que-Voce-Deve-Saber-sobre-a-Anestesia-no-Transplante-Capilar.webp","type":"image\/webp"}],"author":"Editorial BR FUE Transplante Capilar Fio a Fio Transplante Capilar Fio a Fio","twitter_card":"summary_large_image","twitter_misc":{"Escrito por":"Editorial BR FUE Transplante Capilar Fio a Fio Transplante Capilar Fio a Fio","Est. tempo de leitura":"6 minutos"},"schema":{"@context":"https:\/\/schema.org","@graph":[{"@type":"Article","@id":"https:\/\/www.brfue.com\/blog\/calvicie\/tratamento-avancado-para-calvicie-em-bh\/#article","isPartOf":{"@id":"https:\/\/www.brfue.com\/blog\/calvicie\/tratamento-avancado-para-calvicie-em-bh\/"},"author":{"name":"Editorial BR FUE Transplante Capilar Fio a Fio Transplante Capilar Fio a Fio","@id":"https:\/\/www.brfue.com\/blog\/#\/schema\/person\/9a8dad77bcb8b498d1a2611b54d0c8e0"},"headline":"Tratamento Avan\u00e7ado para Calv\u00edcie em BH","datePublished":"2025-07-09T13:02:52+00:00","dateModified":"2025-07-09T13:02:53+00:00","mainEntityOfPage":{"@id":"https:\/\/www.brfue.com\/blog\/calvicie\/tratamento-avancado-para-calvicie-em-bh\/"},"wordCount":1169,"publisher":{"@id":"https:\/\/www.brfue.com\/blog\/#organization"},"image":{"@id":"https:\/\/www.brfue.com\/blog\/calvicie\/tratamento-avancado-para-calvicie-em-bh\/#primaryimage"},"thumbnailUrl":"https:\/\/www.brfue.com\/blog\/wp-content\/uploads\/2024\/07\/O-que-Voce-Deve-Saber-sobre-a-Anestesia-no-Transplante-Capilar.webp","keywords":["Belo Horizonte","Calv\u00edcie","queda de cabelo","Transplante Capilar","tratamento capilar"],"articleSection":["Calv\u00edcie","Curiosidades","Dicas","Implante Capilar","Transplante Capilar"],"inLanguage":"pt-BR"},{"@type":"WebPage","@id":"https:\/\/www.brfue.com\/blog\/calvicie\/tratamento-avancado-para-calvicie-em-bh\/","url":"https:\/\/www.brfue.com\/blog\/calvicie\/tratamento-avancado-para-calvicie-em-bh\/","name":"Tratamento Avan\u00e7ado para Calv\u00edcie em BH - BRFUE - Transplante Capilar em BH - Transplante Fio a Fio em BH","isPartOf":{"@id":"https:\/\/www.brfue.com\/blog\/#website"},"primaryImageOfPage":{"@id":"https:\/\/www.brfue.com\/blog\/calvicie\/tratamento-avancado-para-calvicie-em-bh\/#primaryimage"},"image":{"@id":"https:\/\/www.brfue.com\/blog\/calvicie\/tratamento-avancado-para-calvicie-em-bh\/#primaryimage"},"thumbnailUrl":"https:\/\/www.brfue.com\/blog\/wp-content\/uploads\/2024\/07\/O-que-Voce-Deve-Saber-sobre-a-Anestesia-no-Transplante-Capilar.webp","datePublished":"2025-07-09T13:02:52+00:00","dateModified":"2025-07-09T13:02:53+00:00","description":"Tratamento Avan\u00e7ado para Calv\u00edcie em BH. A calv\u00edcie \u00e9 um problema que afeta milh\u00f5es de pessoas em todo o mundo.","breadcrumb":{"@id":"https:\/\/www.brfue.com\/blog\/calvicie\/tratamento-avancado-para-calvicie-em-bh\/#breadcrumb"},"inLanguage":"pt-BR","potentialAction":[{"@type":"ReadAction","target":["https:\/\/www.brfue.com\/blog\/calvicie\/tratamento-avancado-para-calvicie-em-bh\/"]}]},{"@type":"ImageObject","inLanguage":"pt-BR","@id":"https:\/\/www.brfue.com\/blog\/calvicie\/tratamento-avancado-para-calvicie-em-bh\/#primaryimage","url":"https:\/\/www.brfue.com\/blog\/wp-content\/uploads\/2024\/07\/O-que-Voce-Deve-Saber-sobre-a-Anestesia-no-Transplante-Capilar.webp","contentUrl":"https:\/\/www.brfue.com\/blog\/wp-content\/uploads\/2024\/07\/O-que-Voce-Deve-Saber-sobre-a-Anestesia-no-Transplante-Capilar.webp","width":774,"height":1032,"caption":"O que Voc\u00ea Deve Saber sobre a Anestesia no Transplante Capilar? Entender os diferentes tipos de anestesia \u00e9 essencial para qualquer pessoa!"},{"@type":"BreadcrumbList","@id":"https:\/\/www.brfue.com\/blog\/calvicie\/tratamento-avancado-para-calvicie-em-bh\/#breadcrumb","itemListElement":[{"@type":"ListItem","position":1,"name":"In\u00edcio","item":"https:\/\/www.brfue.com\/blog\/"},{"@type":"ListItem","position":2,"name":"Tratamento Avan\u00e7ado para Calv\u00edcie em BH"}]},{"@type":"WebSite","@id":"https:\/\/www.brfue.com\/blog\/#website","url":"https:\/\/www.brfue.com\/blog\/","name":"BRFUE - Transplante Capilar em BH - Transplante Fio a Fio em BH","description":"Transplante Capilar em BH- Transplante Fio a Fio em BH","publisher":{"@id":"https:\/\/www.brfue.com\/blog\/#organization"},"potentialAction":[{"@type":"SearchAction","target":{"@type":"EntryPoint","urlTemplate":"https:\/\/www.brfue.com\/blog\/?s={search_term_string}"},"query-input":{"@type":"PropertyValueSpecification","valueRequired":true,"valueName":"search_term_string"}}],"inLanguage":"pt-BR"},{"@type":"Organization","@id":"https:\/\/www.brfue.com\/blog\/#organization","name":"BRFUE - Transplante Capilar em BH - Transplante Fio a Fio em BH","url":"https:\/\/www.brfue.com\/blog\/","logo":{"@type":"ImageObject","inLanguage":"pt-BR","@id":"https:\/\/www.brfue.com\/blog\/#\/schema\/logo\/image\/","url":"https:\/\/www.brfue.com\/blog\/wp-content\/uploads\/2022\/11\/logo-white.png","contentUrl":"https:\/\/www.brfue.com\/blog\/wp-content\/uploads\/2022\/11\/logo-white.png","width":82,"height":20,"caption":"BRFUE - Transplante Capilar em BH - Transplante Fio a Fio  em BH"},"image":{"@id":"https:\/\/www.brfue.com\/blog\/#\/schema\/logo\/image\/"}},{"@type":"Person","@id":"https:\/\/www.brfue.com\/blog\/#\/schema\/person\/9a8dad77bcb8b498d1a2611b54d0c8e0","name":"Editorial BR FUE Transplante Capilar Fio a Fio Transplante Capilar Fio a Fio","sameAs":["https:\/\/brfue.com\/blog"],"url":"https:\/\/www.brfue.com\/blog\/author\/admin\/"}]}},"_links":{"self":[{"href":"https:\/\/www.brfue.com\/blog\/wp-json\/wp\/v2\/posts\/1347","targetHints":{"allow":["GET"]}}],"collection":[{"href":"https:\/\/www.brfue.com\/blog\/wp-json\/wp\/v2\/posts"}],"about":[{"href":"https:\/\/www.brfue.com\/blog\/wp-json\/wp\/v2\/types\/post"}],"author":[{"embeddable":true,"href":"https:\/\/www.brfue.com\/blog\/wp-json\/wp\/v2\/users\/1"}],"replies":[{"embeddable":true,"href":"https:\/\/www.brfue.com\/blog\/wp-json\/wp\/v2\/comments?post=1347"}],"version-history":[{"count":2,"href":"https:\/\/www.brfue.com\/blog\/wp-json\/wp\/v2\/posts\/1347\/revisions"}],"predecessor-version":[{"id":1349,"href":"https:\/\/www.brfue.com\/blog\/wp-json\/wp\/v2\/posts\/1347\/revisions\/1349"}],"wp:featuredmedia":[{"embeddable":true,"href":"https:\/\/www.brfue.com\/blog\/wp-json\/wp\/v2\/media\/1142"}],"wp:attachment":[{"href":"https:\/\/www.brfue.com\/blog\/wp-json\/wp\/v2\/media?parent=1347"}],"wp:term":[{"taxonomy":"category","embeddable":true,"href":"https:\/\/www.brfue.com\/blog\/wp-json\/wp\/v2\/categories?post=1347"},{"taxonomy":"post_tag","embeddable":true,"href":"https:\/\/www.brfue.com\/blog\/wp-json\/wp\/v2\/tags?post=1347"}],"curies":[{"name":"wp","href":"https:\/\/api.w.org\/{rel}","templated":true}]}}