{"id":1261,"date":"2025-02-12T11:42:00","date_gmt":"2025-02-12T11:42:00","guid":{"rendered":"https:\/\/www.brfue.com\/blog\/?p=1261"},"modified":"2025-02-12T11:42:00","modified_gmt":"2025-02-12T11:42:00","slug":"sofre-com-a-calvicie-o-transplante-capilar-fue-e-a-resposta-que-voce-precisa","status":"publish","type":"post","link":"https:\/\/www.brfue.com\/blog\/transplante-capilar\/sofre-com-a-calvicie-o-transplante-capilar-fue-e-a-resposta-que-voce-precisa\/","title":{"rendered":"Sofre com a Calv\u00edcie? O Transplante Capilar FUE \u00c9 a Resposta Que Voc\u00ea Precisa"},"content":{"rendered":"\n<p>Sofre com a Calv\u00edcie? O Transplante Capilar FUE \u00c9 a Resposta Que Voc\u00ea Precisa. A calv\u00edcie \u00e9 uma preocupa\u00e7\u00e3o que atinge milh\u00f5es de homens e mulheres ao redor do mundo, impactando diretamente na autoestima e qualidade de vida. Em muitos casos, a perda de cabelo pode ser uma condi\u00e7\u00e3o gen\u00e9tica, hormonal ou at\u00e9 mesmo adquirida por quest\u00f5es relacionadas ao estresse, alimenta\u00e7\u00e3o e outros fatores ambientais. A boa not\u00edcia \u00e9 que, com os avan\u00e7os da medicina est\u00e9tica, hoje em dia \u00e9 poss\u00edvel recuperar os fios de maneira natural e eficaz, e o <strong><a href=\"https:\/\/brfue.com\/blog\/category\/transplante-capilar\/\">Transplante Capilar FUE<\/a><\/strong> \u00e9 uma das solu\u00e7\u00f5es mais procuradas.<\/p>\n\n\n\n<blockquote class=\"wp-block-quote is-layout-flow wp-block-quote-is-layout-flow\">\n<p><mark style=\"background-color:rgba(0, 0, 0, 0);color:#ac1e1e\" class=\"has-inline-color\">A <strong><a href=\"https:\/\/www.brfue.com\/blog\/contato\/\">BRFUE<\/a><\/strong> \u00e9 refer\u00eancia no <a href=\"https:\/\/brfue.com\/blog\/category\/dicas\/\"><strong>transplante capilar FUE<\/strong>,<\/a> oferecendo resultados naturais e duradouros. Com uma equipe de especialistas altamente qualificados, a cl\u00ednica utiliza a tecnologia mais avan\u00e7ada para realizar o procedimento com precis\u00e3o, minimizando riscos e cicatrizes. Se voc\u00ea busca recuperar a confian\u00e7a e ter um cabelo saud\u00e1vel e denso, a <strong>BRFUE<\/strong> \u00e9 a escolha certa. Agende sua consulta e descubra como podemos transformar sua autoestima com o melhor em <strong>transplante capilar FUE<\/strong>.<\/mark><\/p>\n<\/blockquote>\n\n\n\n<p>Neste artigo, vamos explorar como o Transplante Capilar FUE pode ser a resposta para quem sofre com a calv\u00edcie, apresentando suas vantagens, o processo envolvido e como ele pode transformar sua apar\u00eancia e confian\u00e7a. Vamos tamb\u00e9m compartilhar dicas valiosas para quem est\u00e1 considerando esse procedimento e responder \u00e0s perguntas mais frequentes sobre o assunto.<\/p>\n\n\n\n<h2 class=\"wp-block-heading\">O Que \u00e9 o Transplante Capilar FUE?<\/h2>\n\n\n\n<p>O <strong>Transplante Capilar FUE (Follicular Unit Extraction)<\/strong> \u00e9 uma t\u00e9cnica inovadora e minimamente invasiva utilizada para combater a calv\u00edcie. Ao contr\u00e1rio de outras abordagens antigas, como o FUT (Follicular Unit Transplantation), o FUE n\u00e3o envolve cortes grandes ou cicatrizes vis\u00edveis, o que faz dele uma op\u00e7\u00e3o mais atraente para muitas pessoas. No m\u00e9todo FUE, as unidades foliculares s\u00e3o retiradas individualmente da \u00e1rea doadora (geralmente a parte posterior da cabe\u00e7a) e transplantadas para as regi\u00f5es afetadas pela calv\u00edcie, garantindo um resultado mais natural e menos doloroso.<\/p>\n\n\n\n<p>A principal vantagem do FUE \u00e9 que ele oferece uma recupera\u00e7\u00e3o r\u00e1pida e os resultados s\u00e3o praticamente impercept\u00edveis, pois n\u00e3o h\u00e1 grandes cicatrizes, e os fol\u00edculos capilares transplantados mant\u00eam sua capacidade de crescer de maneira saud\u00e1vel. Esse m\u00e9todo \u00e9 ideal para quem busca uma solu\u00e7\u00e3o permanente para a queda de cabelo.<\/p>\n\n\n\n<h2 class=\"wp-block-heading\">Por Que o Transplante Capilar FUE \u00e9 a Melhor Op\u00e7\u00e3o?<\/h2>\n\n\n\n<p>A busca por solu\u00e7\u00f5es para a calv\u00edcie aumentou consideravelmente nos \u00faltimos anos. Al\u00e9m de ser uma preocupa\u00e7\u00e3o est\u00e9tica, a perda de cabelo pode afetar a autoestima, causando inseguran\u00e7a e at\u00e9 mesmo ansiedade. Muitos tratamentos tradicionais, como medicamentos t\u00f3picos ou orais, podem oferecer resultados limitados e tempor\u00e1rios. Por outro lado, o <strong>Transplante Capilar FUE<\/strong> apresenta uma solu\u00e7\u00e3o definitiva e altamente eficaz, com os seguintes benef\u00edcios:<\/p>\n\n\n\n<h3 class=\"wp-block-heading\"><strong>Resultados Naturais<\/strong><\/h3>\n\n\n\n<p>O FUE permite um transplante de cabelo altamente personalizado, com a escolha cuidadosa dos fol\u00edculos que ser\u00e3o transplantados. Isso garante que o cabelo cres\u00e7a de forma natural, com a mesma textura, densidade e dire\u00e7\u00e3o dos fios originais.<\/p>\n\n\n\n<h3 class=\"wp-block-heading\"><strong>M\u00ednima Invas\u00e3o e Recupera\u00e7\u00e3o R\u00e1pida<\/strong><\/h3>\n\n\n\n<p>Como n\u00e3o h\u00e1 necessidade de cortes grandes, a recupera\u00e7\u00e3o do FUE \u00e9 muito mais r\u00e1pida do que outros m\u00e9todos. Os pacientes geralmente conseguem retornar \u00e0s suas atividades di\u00e1rias em poucos dias, com pouca dor ou desconforto.<\/p>\n\n\n\n<h3 class=\"wp-block-heading\"><strong>Poucas Cicatrizes Vis\u00edveis<\/strong><\/h3>\n\n\n\n<p>A t\u00e9cnica FUE \u00e9 praticamente indolor e n\u00e3o deixa cicatrizes grandes, apenas pequenas marcas que s\u00e3o praticamente invis\u00edveis. Isso \u00e9 uma grande vantagem para quem n\u00e3o quer exibir cicatrizes \u00f3bvias ap\u00f3s o transplante.<\/p>\n\n\n\n<h3 class=\"wp-block-heading\"><strong>Adequado para Diferentes Tipos de Calv\u00edcie<\/strong><\/h3>\n\n\n\n<p>O FUE \u00e9 adequado tanto para homens quanto para mulheres, independentemente do grau de calv\u00edcie. Ele pode ser usado para restaurar a linha capilar frontal, a coroa da cabe\u00e7a ou \u00e1reas mais extensas.<\/p>\n\n\n\n<h2 class=\"wp-block-heading\">Como Funciona o Transplante Capilar FUE?<\/h2>\n\n\n\n<p>O procedimento do <strong>Transplante Capilar FUE<\/strong> ocorre em algumas etapas principais:<\/p>\n\n\n\n<h3 class=\"wp-block-heading\"><strong>Consulta Inicial<\/strong><\/h3>\n\n\n\n<p>Tudo come\u00e7a com uma consulta m\u00e9dica, onde o especialista avalia o seu tipo de calv\u00edcie, a \u00e1rea doadora (onde os fios ser\u00e3o retirados) e a viabilidade do transplante. O m\u00e9dico tamb\u00e9m discutir\u00e1 suas expectativas e o n\u00famero de fol\u00edculos necess\u00e1rios.<\/p>\n\n\n\n<h3 class=\"wp-block-heading\"><strong>Extra\u00e7\u00e3o dos Fios<\/strong><\/h3>\n\n\n\n<p>Durante o procedimento, as unidades foliculares s\u00e3o retiradas uma a uma da \u00e1rea doadora, geralmente localizada na parte de tr\u00e1s da cabe\u00e7a, onde os fios s\u00e3o mais resistentes \u00e0 queda.<\/p>\n\n\n\n<h3 class=\"wp-block-heading\"><strong>Implante dos Fios<\/strong><\/h3>\n\n\n\n<p>Ap\u00f3s a extra\u00e7\u00e3o, os fol\u00edculos capilares s\u00e3o preparados e implantados nas \u00e1reas calvas. O m\u00e9dico faz incis\u00f5es m\u00ednimas para garantir que os fios se integrem de forma natural ao couro cabeludo.<\/p>\n\n\n\n<h3 class=\"wp-block-heading\"><strong>P\u00f3s-operat\u00f3rio<\/strong><\/h3>\n\n\n\n<p>Ap\u00f3s o procedimento, \u00e9 importante seguir as orienta\u00e7\u00f5es m\u00e9dicas para garantir uma boa cicatriza\u00e7\u00e3o e resultados ideais. O uso de medicamentos pode ser recomendado para evitar infec\u00e7\u00f5es e acelerar o processo de recupera\u00e7\u00e3o.<\/p>\n\n\n\n<h2 class=\"wp-block-heading\">10 Dicas Incr\u00edveis para Quem Est\u00e1 Considerando o Transplante Capilar FUE<\/h2>\n\n\n\n<ol class=\"wp-block-list\">\n<li><strong>Escolha um Profissional Qualificado<\/strong>: Certifique-se de que o m\u00e9dico que realizar\u00e1 o procedimento tenha experi\u00eancia comprovada e credenciais adequadas.<\/li>\n\n\n\n<li><strong>Mantenha um Estilo de Vida Saud\u00e1vel<\/strong>: Antes e depois do transplante, manter uma alimenta\u00e7\u00e3o balanceada e praticar atividades f\u00edsicas pode ajudar na recupera\u00e7\u00e3o e no crescimento dos fios.<\/li>\n\n\n\n<li><strong>Evite o Uso Excessivo de Produtos Qu\u00edmicos<\/strong>: Ap\u00f3s o transplante, evite usar produtos que possam danificar os fios, como tinturas e alisantes.<\/li>\n\n\n\n<li><strong>N\u00e3o Fume<\/strong>: O tabagismo pode prejudicar o processo de cicatriza\u00e7\u00e3o e os resultados do transplante. Evite fumar pelo menos uma semana antes e ap\u00f3s o procedimento.<\/li>\n\n\n\n<li><strong>Tenha Expectativas Realistas<\/strong>: O transplante capilar pode transformar sua apar\u00eancia, mas os resultados podem levar alguns meses para se tornarem vis\u00edveis.<\/li>\n\n\n\n<li><strong>Cuidado com o Sol<\/strong>: Ap\u00f3s o transplante, \u00e9 essencial evitar a exposi\u00e7\u00e3o solar direta na \u00e1rea tratada para prevenir complica\u00e7\u00f5es.<\/li>\n\n\n\n<li><strong>Use Shampoos Suaves<\/strong>: Opte por shampoos e condicionadores suaves e sem produtos agressivos, que podem prejudicar o crescimento dos novos fios.<\/li>\n\n\n\n<li><strong>Aplique Pomadas ou Lo\u00e7\u00f5es Recomendadas<\/strong>: Seu m\u00e9dico pode recomendar tratamentos t\u00f3picos para ajudar no crescimento capilar.<\/li>\n\n\n\n<li><strong>Evite Estresse Excessivo<\/strong>: O estresse pode contribuir para a queda de cabelo. Tente manter uma rotina tranquila e relaxante.<\/li>\n\n\n\n<li><strong>Siga as Orienta\u00e7\u00f5es P\u00f3s-Operat\u00f3rias<\/strong>: Cumprir as orienta\u00e7\u00f5es m\u00e9dicas ap\u00f3s o procedimento \u00e9 crucial para garantir um resultado positivo.<\/li>\n<\/ol>\n\n\n\n<h2 class=\"wp-block-heading\">Perguntas Frequentes sobre Transplante Capilar FUE<\/h2>\n\n\n\n<h3 class=\"wp-block-heading\">1. O que \u00e9 o Transplante Capilar FUE?<\/h3>\n\n\n\n<p>O Transplante Capilar FUE (Follicular Unit Extraction) \u00e9 uma t\u00e9cnica de transplante de cabelo que envolve a extra\u00e7\u00e3o de unidades foliculares individuais para reimplante nas \u00e1reas calvas.<\/p>\n\n\n\n<h3 class=\"wp-block-heading\">2. O procedimento \u00e9 doloroso?<\/h3>\n\n\n\n<p>O FUE \u00e9 minimamente invasivo e a dor \u00e9 geralmente leve, com a maioria dos pacientes relatando apenas desconforto tempor\u00e1rio durante o processo de recupera\u00e7\u00e3o.<\/p>\n\n\n\n<h3 class=\"wp-block-heading\">3. Quais s\u00e3o os resultados do FUE?<\/h3>\n\n\n\n<p>Os resultados do FUE s\u00e3o naturais, com o crescimento dos fios sendo gradual ao longo dos meses. Em m\u00e9dia, os resultados finais s\u00e3o vis\u00edveis entre 6 a 12 meses.<\/p>\n\n\n\n<h3 class=\"wp-block-heading\">4. Existe risco de rejei\u00e7\u00e3o dos fios transplantados?<\/h3>\n\n\n\n<p>N\u00e3o, o FUE usa fios retirados da pr\u00f3pria pessoa, o que elimina o risco de rejei\u00e7\u00e3o.<\/p>\n\n\n\n<h3 class=\"wp-block-heading\">5. Quais s\u00e3o as vantagens do FUE em rela\u00e7\u00e3o a outros m\u00e9todos de transplante capilar?<\/h3>\n\n\n\n<p>O FUE oferece menor invasividade, menos cicatrizes vis\u00edveis, recupera\u00e7\u00e3o mais r\u00e1pida e resultados mais naturais comparados ao m\u00e9todo FUT.<\/p>\n\n\n\n<h2 class=\"wp-block-heading\">Conclus\u00e3o<\/h2>\n\n\n\n<p>O <strong>Transplante Capilar FUE<\/strong> \u00e9 uma solu\u00e7\u00e3o eficaz e inovadora para quem sofre com a calv\u00edcie, proporcionando resultados naturais e de longo prazo. A t\u00e9cnica minimamente invasiva oferece uma recupera\u00e7\u00e3o r\u00e1pida e sem cicatrizes vis\u00edveis, tornando-a a escolha preferida de muitas pessoas que buscam recuperar n\u00e3o s\u00f3 os fios de cabelo, mas tamb\u00e9m sua confian\u00e7a. Se voc\u00ea est\u00e1 considerando essa op\u00e7\u00e3o, \u00e9 fundamental procurar um especialista qualificado para garantir o melhor resultado poss\u00edvel.<\/p>\n\n\n\n<p>Se voc\u00ea deseja saber mais sobre o <strong>Transplante Capilar FUE<\/strong> ou agendar uma consulta, n\u00e3o hesite em entrar em contato com profissionais experientes. Recupere sua autoestima e tenha o cabelo dos seus sonhos!<\/p>\n\n\n\n<p>\ud83c\udf10 <a href=\"https:\/\/www.brfue.com\/blog\/\">BRFUE \u2013 Transplante Fio a Fio<\/a><br>\ud83d\udcf2 <a href=\"https:\/\/api.whatsapp.com\/send?phone=5531984977573\">(31) 98497-7573<\/a><br>\u2753 Ficou com alguma duvida? Entre em contato!<br>\ud83d\udccd BRFUE -Av. Afonso Pena, 4273 \u2013 Sala 306 \u2013 Serra<br>\ud83d\udce2 <a href=\"https:\/\/www.brfue.com\/blog\/\" target=\"_blank\" rel=\"noreferrer noopener\"><\/a><a href=\"https:\/\/www.brfue.com\/blog\/\" target=\"_blank\" rel=\"noreferrer noopener\">Blog BRFUE<\/a> &#8211; <a href=\"https:\/\/www.brfue.com\/blog\/\" target=\"_blank\" rel=\"noreferrer noopener\">Dicas, Novidades e Curiosidades sobre Transplante Capilar Fio a Fio<\/a><\/p>\n","protected":false},"excerpt":{"rendered":"<p>Sofre com a Calv\u00edcie? O Transplante Capilar FUE \u00c9 a Resposta Que Voc\u00ea Precisa. A calv\u00edcie \u00e9 uma preocupa\u00e7\u00e3o que atinge milh\u00f5es de homens e mulheres ao redor do mundo, impactando diretamente na autoestima e qualidade de vida. Em muitos casos, a perda de cabelo pode ser uma condi\u00e7\u00e3o gen\u00e9tica, hormonal ou at\u00e9 mesmo adquirida &hellip;<\/p>\n<p class=\"read-more\"> <a class=\"\" href=\"https:\/\/www.brfue.com\/blog\/transplante-capilar\/sofre-com-a-calvicie-o-transplante-capilar-fue-e-a-resposta-que-voce-precisa\/\"> <span class=\"screen-reader-text\">Sofre com a Calv\u00edcie? O Transplante Capilar FUE \u00c9 a Resposta Que Voc\u00ea Precisa<\/span> Leia mais &raquo;<\/a><\/p>\n","protected":false},"author":1,"featured_media":1262,"comment_status":"closed","ping_status":"open","sticky":false,"template":"","format":"standard","meta":{"site-sidebar-layout":"default","site-content-layout":"default","ast-global-header-display":"","ast-main-header-display":"","ast-hfb-above-header-display":"","ast-hfb-below-header-display":"","ast-hfb-mobile-header-display":"","site-post-title":"","ast-breadcrumbs-content":"","ast-featured-img":"","footer-sml-layout":"","theme-transparent-header-meta":"","adv-header-id-meta":"","stick-header-meta":"","header-above-stick-meta":"","header-main-stick-meta":"","header-below-stick-meta":"","footnotes":""},"categories":[1,75,85,10],"tags":[20,107,11,12,19],"class_list":["post-1261","post","type-post","status-publish","format-standard","has-post-thumbnail","hentry","category-dicas","category-fue","category-tecnica-fio-a-fio","category-transplante-capilar","tag-brfue","tag-dicas","tag-implante-capilar","tag-transplante-capilar","tag-transplante-capilar-fio-a-fio"],"yoast_head":"<!-- This site is optimized with the Yoast SEO plugin v25.5 - https:\/\/yoast.com\/wordpress\/plugins\/seo\/ -->\n<title>Sofre com a Calv\u00edcie? O Transplante Capilar FUE \u00c9 a Resposta Que Voc\u00ea Precisa - BRFUE - Transplante Capilar em BH - Transplante Fio a Fio em BH<\/title>\n<meta name=\"description\" content=\"Sofre com a Calv\u00edcie? O Transplante Capilar FUE \u00c9 a Resposta Que Voc\u00ea Precisa. hoje em dia \u00e9 poss\u00edvel recuperar os fios de maneira natural\" \/>\n<meta name=\"robots\" content=\"index, follow, max-snippet:-1, max-image-preview:large, max-video-preview:-1\" \/>\n<link rel=\"canonical\" href=\"https:\/\/www.brfue.com\/blog\/transplante-capilar\/sofre-com-a-calvicie-o-transplante-capilar-fue-e-a-resposta-que-voce-precisa\/\" \/>\n<meta property=\"og:locale\" content=\"pt_BR\" \/>\n<meta property=\"og:type\" content=\"article\" \/>\n<meta property=\"og:title\" content=\"Sofre com a Calv\u00edcie? O Transplante Capilar FUE \u00c9 a Resposta Que Voc\u00ea Precisa - BRFUE - Transplante Capilar em BH - Transplante Fio a Fio em BH\" \/>\n<meta property=\"og:description\" content=\"Sofre com a Calv\u00edcie? O Transplante Capilar FUE \u00c9 a Resposta Que Voc\u00ea Precisa. hoje em dia \u00e9 poss\u00edvel recuperar os fios de maneira natural\" \/>\n<meta property=\"og:url\" content=\"https:\/\/www.brfue.com\/blog\/transplante-capilar\/sofre-com-a-calvicie-o-transplante-capilar-fue-e-a-resposta-que-voce-precisa\/\" \/>\n<meta property=\"og:site_name\" content=\"BRFUE - Transplante Capilar em BH - Transplante Fio a Fio em BH\" \/>\n<meta property=\"article:published_time\" content=\"2025-02-12T11:42:00+00:00\" \/>\n<meta property=\"og:image\" content=\"https:\/\/www.brfue.com\/blog\/wp-content\/uploads\/2025\/02\/Sofre-com-a-Calvicie-O-Transplante-Capilar-FUE-E-a-Resposta-Que-Voce-Precisa.png\" \/>\n\t<meta property=\"og:image:width\" content=\"1500\" \/>\n\t<meta property=\"og:image:height\" content=\"1000\" \/>\n\t<meta property=\"og:image:type\" content=\"image\/png\" \/>\n<meta name=\"author\" content=\"Editorial BR FUE Transplante Capilar Fio a Fio Transplante Capilar Fio a Fio\" \/>\n<meta name=\"twitter:card\" content=\"summary_large_image\" \/>\n<meta name=\"twitter:label1\" content=\"Escrito por\" \/>\n\t<meta name=\"twitter:data1\" content=\"Editorial BR FUE Transplante Capilar Fio a Fio Transplante Capilar Fio a Fio\" \/>\n\t<meta name=\"twitter:label2\" content=\"Est. tempo de leitura\" \/>\n\t<meta name=\"twitter:data2\" content=\"7 minutos\" \/>\n<script type=\"application\/ld+json\" class=\"yoast-schema-graph\">{\"@context\":\"https:\/\/schema.org\",\"@graph\":[{\"@type\":\"Article\",\"@id\":\"https:\/\/www.brfue.com\/blog\/transplante-capilar\/sofre-com-a-calvicie-o-transplante-capilar-fue-e-a-resposta-que-voce-precisa\/#article\",\"isPartOf\":{\"@id\":\"https:\/\/www.brfue.com\/blog\/transplante-capilar\/sofre-com-a-calvicie-o-transplante-capilar-fue-e-a-resposta-que-voce-precisa\/\"},\"author\":{\"name\":\"Editorial BR FUE Transplante Capilar Fio a Fio Transplante Capilar Fio a Fio\",\"@id\":\"https:\/\/www.brfue.com\/blog\/#\/schema\/person\/9a8dad77bcb8b498d1a2611b54d0c8e0\"},\"headline\":\"Sofre com a Calv\u00edcie? O Transplante Capilar FUE \u00c9 a Resposta Que Voc\u00ea Precisa\",\"datePublished\":\"2025-02-12T11:42:00+00:00\",\"mainEntityOfPage\":{\"@id\":\"https:\/\/www.brfue.com\/blog\/transplante-capilar\/sofre-com-a-calvicie-o-transplante-capilar-fue-e-a-resposta-que-voce-precisa\/\"},\"wordCount\":1429,\"publisher\":{\"@id\":\"https:\/\/www.brfue.com\/blog\/#organization\"},\"image\":{\"@id\":\"https:\/\/www.brfue.com\/blog\/transplante-capilar\/sofre-com-a-calvicie-o-transplante-capilar-fue-e-a-resposta-que-voce-precisa\/#primaryimage\"},\"thumbnailUrl\":\"https:\/\/www.brfue.com\/blog\/wp-content\/uploads\/2025\/02\/Sofre-com-a-Calvicie-O-Transplante-Capilar-FUE-E-a-Resposta-Que-Voce-Precisa.png\",\"keywords\":[\"BRFUE\",\"Dicas\",\"Implante Capilar\",\"Transplante Capilar\",\"Transplante capilar fio a fio\"],\"articleSection\":[\"Dicas\",\"FUE\",\"T\u00e9cnica Fio a Fio\",\"Transplante Capilar\"],\"inLanguage\":\"pt-BR\"},{\"@type\":\"WebPage\",\"@id\":\"https:\/\/www.brfue.com\/blog\/transplante-capilar\/sofre-com-a-calvicie-o-transplante-capilar-fue-e-a-resposta-que-voce-precisa\/\",\"url\":\"https:\/\/www.brfue.com\/blog\/transplante-capilar\/sofre-com-a-calvicie-o-transplante-capilar-fue-e-a-resposta-que-voce-precisa\/\",\"name\":\"Sofre com a Calv\u00edcie? O Transplante Capilar FUE \u00c9 a Resposta Que Voc\u00ea Precisa - BRFUE - Transplante Capilar em BH - Transplante Fio a Fio em BH\",\"isPartOf\":{\"@id\":\"https:\/\/www.brfue.com\/blog\/#website\"},\"primaryImageOfPage\":{\"@id\":\"https:\/\/www.brfue.com\/blog\/transplante-capilar\/sofre-com-a-calvicie-o-transplante-capilar-fue-e-a-resposta-que-voce-precisa\/#primaryimage\"},\"image\":{\"@id\":\"https:\/\/www.brfue.com\/blog\/transplante-capilar\/sofre-com-a-calvicie-o-transplante-capilar-fue-e-a-resposta-que-voce-precisa\/#primaryimage\"},\"thumbnailUrl\":\"https:\/\/www.brfue.com\/blog\/wp-content\/uploads\/2025\/02\/Sofre-com-a-Calvicie-O-Transplante-Capilar-FUE-E-a-Resposta-Que-Voce-Precisa.png\",\"datePublished\":\"2025-02-12T11:42:00+00:00\",\"description\":\"Sofre com a Calv\u00edcie? O Transplante Capilar FUE \u00c9 a Resposta Que Voc\u00ea Precisa. hoje em dia \u00e9 poss\u00edvel recuperar os fios de maneira natural\",\"breadcrumb\":{\"@id\":\"https:\/\/www.brfue.com\/blog\/transplante-capilar\/sofre-com-a-calvicie-o-transplante-capilar-fue-e-a-resposta-que-voce-precisa\/#breadcrumb\"},\"inLanguage\":\"pt-BR\",\"potentialAction\":[{\"@type\":\"ReadAction\",\"target\":[\"https:\/\/www.brfue.com\/blog\/transplante-capilar\/sofre-com-a-calvicie-o-transplante-capilar-fue-e-a-resposta-que-voce-precisa\/\"]}]},{\"@type\":\"ImageObject\",\"inLanguage\":\"pt-BR\",\"@id\":\"https:\/\/www.brfue.com\/blog\/transplante-capilar\/sofre-com-a-calvicie-o-transplante-capilar-fue-e-a-resposta-que-voce-precisa\/#primaryimage\",\"url\":\"https:\/\/www.brfue.com\/blog\/wp-content\/uploads\/2025\/02\/Sofre-com-a-Calvicie-O-Transplante-Capilar-FUE-E-a-Resposta-Que-Voce-Precisa.png\",\"contentUrl\":\"https:\/\/www.brfue.com\/blog\/wp-content\/uploads\/2025\/02\/Sofre-com-a-Calvicie-O-Transplante-Capilar-FUE-E-a-Resposta-Que-Voce-Precisa.png\",\"width\":1500,\"height\":1000,\"caption\":\"Sofre com a Calv\u00edcie? O Transplante Capilar FUE \u00c9 a Resposta Que Voc\u00ea Precisa. hoje em dia \u00e9 poss\u00edvel recuperar os fios de maneira natural\"},{\"@type\":\"BreadcrumbList\",\"@id\":\"https:\/\/www.brfue.com\/blog\/transplante-capilar\/sofre-com-a-calvicie-o-transplante-capilar-fue-e-a-resposta-que-voce-precisa\/#breadcrumb\",\"itemListElement\":[{\"@type\":\"ListItem\",\"position\":1,\"name\":\"In\u00edcio\",\"item\":\"https:\/\/www.brfue.com\/blog\/\"},{\"@type\":\"ListItem\",\"position\":2,\"name\":\"Sofre com a Calv\u00edcie? O Transplante Capilar FUE \u00c9 a Resposta Que Voc\u00ea Precisa\"}]},{\"@type\":\"WebSite\",\"@id\":\"https:\/\/www.brfue.com\/blog\/#website\",\"url\":\"https:\/\/www.brfue.com\/blog\/\",\"name\":\"BRFUE - Transplante Capilar em BH - Transplante Fio a Fio em BH\",\"description\":\"Transplante Capilar em BH- Transplante Fio a Fio em BH\",\"publisher\":{\"@id\":\"https:\/\/www.brfue.com\/blog\/#organization\"},\"potentialAction\":[{\"@type\":\"SearchAction\",\"target\":{\"@type\":\"EntryPoint\",\"urlTemplate\":\"https:\/\/www.brfue.com\/blog\/?s={search_term_string}\"},\"query-input\":{\"@type\":\"PropertyValueSpecification\",\"valueRequired\":true,\"valueName\":\"search_term_string\"}}],\"inLanguage\":\"pt-BR\"},{\"@type\":\"Organization\",\"@id\":\"https:\/\/www.brfue.com\/blog\/#organization\",\"name\":\"BRFUE - Transplante Capilar em BH - Transplante Fio a Fio em BH\",\"url\":\"https:\/\/www.brfue.com\/blog\/\",\"logo\":{\"@type\":\"ImageObject\",\"inLanguage\":\"pt-BR\",\"@id\":\"https:\/\/www.brfue.com\/blog\/#\/schema\/logo\/image\/\",\"url\":\"https:\/\/www.brfue.com\/blog\/wp-content\/uploads\/2022\/11\/logo-white.png\",\"contentUrl\":\"https:\/\/www.brfue.com\/blog\/wp-content\/uploads\/2022\/11\/logo-white.png\",\"width\":82,\"height\":20,\"caption\":\"BRFUE - Transplante Capilar em BH - Transplante Fio a Fio  em BH\"},\"image\":{\"@id\":\"https:\/\/www.brfue.com\/blog\/#\/schema\/logo\/image\/\"}},{\"@type\":\"Person\",\"@id\":\"https:\/\/www.brfue.com\/blog\/#\/schema\/person\/9a8dad77bcb8b498d1a2611b54d0c8e0\",\"name\":\"Editorial BR FUE Transplante Capilar Fio a Fio Transplante Capilar Fio a Fio\",\"sameAs\":[\"https:\/\/brfue.com\/blog\"],\"url\":\"https:\/\/www.brfue.com\/blog\/author\/admin\/\"}]}<\/script>\n<!-- \/ Yoast SEO plugin. -->","yoast_head_json":{"title":"Sofre com a Calv\u00edcie? O Transplante Capilar FUE \u00c9 a Resposta Que Voc\u00ea Precisa - BRFUE - Transplante Capilar em BH - Transplante Fio a Fio em BH","description":"Sofre com a Calv\u00edcie? O Transplante Capilar FUE \u00c9 a Resposta Que Voc\u00ea Precisa. hoje em dia \u00e9 poss\u00edvel recuperar os fios de maneira natural","robots":{"index":"index","follow":"follow","max-snippet":"max-snippet:-1","max-image-preview":"max-image-preview:large","max-video-preview":"max-video-preview:-1"},"canonical":"https:\/\/www.brfue.com\/blog\/transplante-capilar\/sofre-com-a-calvicie-o-transplante-capilar-fue-e-a-resposta-que-voce-precisa\/","og_locale":"pt_BR","og_type":"article","og_title":"Sofre com a Calv\u00edcie? O Transplante Capilar FUE \u00c9 a Resposta Que Voc\u00ea Precisa - BRFUE - Transplante Capilar em BH - Transplante Fio a Fio em BH","og_description":"Sofre com a Calv\u00edcie? O Transplante Capilar FUE \u00c9 a Resposta Que Voc\u00ea Precisa. hoje em dia \u00e9 poss\u00edvel recuperar os fios de maneira natural","og_url":"https:\/\/www.brfue.com\/blog\/transplante-capilar\/sofre-com-a-calvicie-o-transplante-capilar-fue-e-a-resposta-que-voce-precisa\/","og_site_name":"BRFUE - Transplante Capilar em BH - Transplante Fio a Fio em BH","article_published_time":"2025-02-12T11:42:00+00:00","og_image":[{"width":1500,"height":1000,"url":"https:\/\/www.brfue.com\/blog\/wp-content\/uploads\/2025\/02\/Sofre-com-a-Calvicie-O-Transplante-Capilar-FUE-E-a-Resposta-Que-Voce-Precisa.png","type":"image\/png"}],"author":"Editorial BR FUE Transplante Capilar Fio a Fio Transplante Capilar Fio a Fio","twitter_card":"summary_large_image","twitter_misc":{"Escrito por":"Editorial BR FUE Transplante Capilar Fio a Fio Transplante Capilar Fio a Fio","Est. tempo de leitura":"7 minutos"},"schema":{"@context":"https:\/\/schema.org","@graph":[{"@type":"Article","@id":"https:\/\/www.brfue.com\/blog\/transplante-capilar\/sofre-com-a-calvicie-o-transplante-capilar-fue-e-a-resposta-que-voce-precisa\/#article","isPartOf":{"@id":"https:\/\/www.brfue.com\/blog\/transplante-capilar\/sofre-com-a-calvicie-o-transplante-capilar-fue-e-a-resposta-que-voce-precisa\/"},"author":{"name":"Editorial BR FUE Transplante Capilar Fio a Fio Transplante Capilar Fio a Fio","@id":"https:\/\/www.brfue.com\/blog\/#\/schema\/person\/9a8dad77bcb8b498d1a2611b54d0c8e0"},"headline":"Sofre com a Calv\u00edcie? O Transplante Capilar FUE \u00c9 a Resposta Que Voc\u00ea Precisa","datePublished":"2025-02-12T11:42:00+00:00","mainEntityOfPage":{"@id":"https:\/\/www.brfue.com\/blog\/transplante-capilar\/sofre-com-a-calvicie-o-transplante-capilar-fue-e-a-resposta-que-voce-precisa\/"},"wordCount":1429,"publisher":{"@id":"https:\/\/www.brfue.com\/blog\/#organization"},"image":{"@id":"https:\/\/www.brfue.com\/blog\/transplante-capilar\/sofre-com-a-calvicie-o-transplante-capilar-fue-e-a-resposta-que-voce-precisa\/#primaryimage"},"thumbnailUrl":"https:\/\/www.brfue.com\/blog\/wp-content\/uploads\/2025\/02\/Sofre-com-a-Calvicie-O-Transplante-Capilar-FUE-E-a-Resposta-Que-Voce-Precisa.png","keywords":["BRFUE","Dicas","Implante Capilar","Transplante Capilar","Transplante capilar fio a fio"],"articleSection":["Dicas","FUE","T\u00e9cnica Fio a Fio","Transplante Capilar"],"inLanguage":"pt-BR"},{"@type":"WebPage","@id":"https:\/\/www.brfue.com\/blog\/transplante-capilar\/sofre-com-a-calvicie-o-transplante-capilar-fue-e-a-resposta-que-voce-precisa\/","url":"https:\/\/www.brfue.com\/blog\/transplante-capilar\/sofre-com-a-calvicie-o-transplante-capilar-fue-e-a-resposta-que-voce-precisa\/","name":"Sofre com a Calv\u00edcie? O Transplante Capilar FUE \u00c9 a Resposta Que Voc\u00ea Precisa - BRFUE - Transplante Capilar em BH - Transplante Fio a Fio em BH","isPartOf":{"@id":"https:\/\/www.brfue.com\/blog\/#website"},"primaryImageOfPage":{"@id":"https:\/\/www.brfue.com\/blog\/transplante-capilar\/sofre-com-a-calvicie-o-transplante-capilar-fue-e-a-resposta-que-voce-precisa\/#primaryimage"},"image":{"@id":"https:\/\/www.brfue.com\/blog\/transplante-capilar\/sofre-com-a-calvicie-o-transplante-capilar-fue-e-a-resposta-que-voce-precisa\/#primaryimage"},"thumbnailUrl":"https:\/\/www.brfue.com\/blog\/wp-content\/uploads\/2025\/02\/Sofre-com-a-Calvicie-O-Transplante-Capilar-FUE-E-a-Resposta-Que-Voce-Precisa.png","datePublished":"2025-02-12T11:42:00+00:00","description":"Sofre com a Calv\u00edcie? O Transplante Capilar FUE \u00c9 a Resposta Que Voc\u00ea Precisa. hoje em dia \u00e9 poss\u00edvel recuperar os fios de maneira natural","breadcrumb":{"@id":"https:\/\/www.brfue.com\/blog\/transplante-capilar\/sofre-com-a-calvicie-o-transplante-capilar-fue-e-a-resposta-que-voce-precisa\/#breadcrumb"},"inLanguage":"pt-BR","potentialAction":[{"@type":"ReadAction","target":["https:\/\/www.brfue.com\/blog\/transplante-capilar\/sofre-com-a-calvicie-o-transplante-capilar-fue-e-a-resposta-que-voce-precisa\/"]}]},{"@type":"ImageObject","inLanguage":"pt-BR","@id":"https:\/\/www.brfue.com\/blog\/transplante-capilar\/sofre-com-a-calvicie-o-transplante-capilar-fue-e-a-resposta-que-voce-precisa\/#primaryimage","url":"https:\/\/www.brfue.com\/blog\/wp-content\/uploads\/2025\/02\/Sofre-com-a-Calvicie-O-Transplante-Capilar-FUE-E-a-Resposta-Que-Voce-Precisa.png","contentUrl":"https:\/\/www.brfue.com\/blog\/wp-content\/uploads\/2025\/02\/Sofre-com-a-Calvicie-O-Transplante-Capilar-FUE-E-a-Resposta-Que-Voce-Precisa.png","width":1500,"height":1000,"caption":"Sofre com a Calv\u00edcie? O Transplante Capilar FUE \u00c9 a Resposta Que Voc\u00ea Precisa. hoje em dia \u00e9 poss\u00edvel recuperar os fios de maneira natural"},{"@type":"BreadcrumbList","@id":"https:\/\/www.brfue.com\/blog\/transplante-capilar\/sofre-com-a-calvicie-o-transplante-capilar-fue-e-a-resposta-que-voce-precisa\/#breadcrumb","itemListElement":[{"@type":"ListItem","position":1,"name":"In\u00edcio","item":"https:\/\/www.brfue.com\/blog\/"},{"@type":"ListItem","position":2,"name":"Sofre com a Calv\u00edcie? O Transplante Capilar FUE \u00c9 a Resposta Que Voc\u00ea Precisa"}]},{"@type":"WebSite","@id":"https:\/\/www.brfue.com\/blog\/#website","url":"https:\/\/www.brfue.com\/blog\/","name":"BRFUE - Transplante Capilar em BH - Transplante Fio a Fio em BH","description":"Transplante Capilar em BH- Transplante Fio a Fio em BH","publisher":{"@id":"https:\/\/www.brfue.com\/blog\/#organization"},"potentialAction":[{"@type":"SearchAction","target":{"@type":"EntryPoint","urlTemplate":"https:\/\/www.brfue.com\/blog\/?s={search_term_string}"},"query-input":{"@type":"PropertyValueSpecification","valueRequired":true,"valueName":"search_term_string"}}],"inLanguage":"pt-BR"},{"@type":"Organization","@id":"https:\/\/www.brfue.com\/blog\/#organization","name":"BRFUE - Transplante Capilar em BH - Transplante Fio a Fio em BH","url":"https:\/\/www.brfue.com\/blog\/","logo":{"@type":"ImageObject","inLanguage":"pt-BR","@id":"https:\/\/www.brfue.com\/blog\/#\/schema\/logo\/image\/","url":"https:\/\/www.brfue.com\/blog\/wp-content\/uploads\/2022\/11\/logo-white.png","contentUrl":"https:\/\/www.brfue.com\/blog\/wp-content\/uploads\/2022\/11\/logo-white.png","width":82,"height":20,"caption":"BRFUE - Transplante Capilar em BH - Transplante Fio a Fio  em BH"},"image":{"@id":"https:\/\/www.brfue.com\/blog\/#\/schema\/logo\/image\/"}},{"@type":"Person","@id":"https:\/\/www.brfue.com\/blog\/#\/schema\/person\/9a8dad77bcb8b498d1a2611b54d0c8e0","name":"Editorial BR FUE Transplante Capilar Fio a Fio Transplante Capilar Fio a Fio","sameAs":["https:\/\/brfue.com\/blog"],"url":"https:\/\/www.brfue.com\/blog\/author\/admin\/"}]}},"_links":{"self":[{"href":"https:\/\/www.brfue.com\/blog\/wp-json\/wp\/v2\/posts\/1261","targetHints":{"allow":["GET"]}}],"collection":[{"href":"https:\/\/www.brfue.com\/blog\/wp-json\/wp\/v2\/posts"}],"about":[{"href":"https:\/\/www.brfue.com\/blog\/wp-json\/wp\/v2\/types\/post"}],"author":[{"embeddable":true,"href":"https:\/\/www.brfue.com\/blog\/wp-json\/wp\/v2\/users\/1"}],"replies":[{"embeddable":true,"href":"https:\/\/www.brfue.com\/blog\/wp-json\/wp\/v2\/comments?post=1261"}],"version-history":[{"count":3,"href":"https:\/\/www.brfue.com\/blog\/wp-json\/wp\/v2\/posts\/1261\/revisions"}],"predecessor-version":[{"id":1266,"href":"https:\/\/www.brfue.com\/blog\/wp-json\/wp\/v2\/posts\/1261\/revisions\/1266"}],"wp:featuredmedia":[{"embeddable":true,"href":"https:\/\/www.brfue.com\/blog\/wp-json\/wp\/v2\/media\/1262"}],"wp:attachment":[{"href":"https:\/\/www.brfue.com\/blog\/wp-json\/wp\/v2\/media?parent=1261"}],"wp:term":[{"taxonomy":"category","embeddable":true,"href":"https:\/\/www.brfue.com\/blog\/wp-json\/wp\/v2\/categories?post=1261"},{"taxonomy":"post_tag","embeddable":true,"href":"https:\/\/www.brfue.com\/blog\/wp-json\/wp\/v2\/tags?post=1261"}],"curies":[{"name":"wp","href":"https:\/\/api.w.org\/{rel}","templated":true}]}}