{"id":1259,"date":"2025-02-05T11:52:16","date_gmt":"2025-02-05T11:52:16","guid":{"rendered":"https:\/\/www.brfue.com\/blog\/?p=1259"},"modified":"2025-02-05T11:52:17","modified_gmt":"2025-02-05T11:52:17","slug":"existe-idade-certa-para-fazer-o-transplante-capilar-fue","status":"publish","type":"post","link":"https:\/\/www.brfue.com\/blog\/curiosidades\/existe-idade-certa-para-fazer-o-transplante-capilar-fue\/","title":{"rendered":"Existe Idade certa para Fazer o Transplante Capilar FUE?"},"content":{"rendered":"\n<p>O <a href=\"https:\/\/www.brfue.com\/\"><strong>transplante capilar FUE<\/strong><\/a> se tornou uma das solu\u00e7\u00f5es mais procuradas por pessoas que enfrentam a queda de cabelo, especialmente por sua abordagem minimamente invasiva e resultados naturais. No entanto, uma das d\u00favidas mais comuns entre os candidatos ao procedimento \u00e9: <strong>existe uma idade certa para realizar o <a href=\"https:\/\/brfue.com\/blog\/category\/transplante-capilar\/\">transplante capilar<\/a> FUE?<\/strong> A resposta para essa pergunta n\u00e3o \u00e9 t\u00e3o simples quanto um n\u00famero espec\u00edfico, pois envolve fatores que v\u00e3o al\u00e9m da idade cronol\u00f3gica, incluindo o est\u00e1gio da calv\u00edcie, a sa\u00fade geral do paciente, expectativas realistas e at\u00e9 mesmo o estilo de vida.<\/p>\n\n\n\n<blockquote class=\"wp-block-quote is-layout-flow wp-block-quote-is-layout-flow\">\n<p><mark style=\"background-color:rgba(0, 0, 0, 0);color:#240b60\" class=\"has-inline-color\">A <a href=\"https:\/\/www.brfue.com\/blog\/contato\/\"><strong>BRFUE<\/strong> <\/a>\u00e9 refer\u00eancia em <strong>transplante capilar FUE em Belo Horizonte<\/strong>, oferecendo tecnologia de ponta e t\u00e9cnicas avan\u00e7adas para garantir resultados naturais e duradouros. Com uma equipe altamente qualificada e especializada, a cl\u00ednica proporciona um atendimento personalizado, focado nas necessidades individuais de cada paciente. Se voc\u00ea busca recuperar a autoestima e ter um cabelo com aspecto natural, a BRFUE \u00e9 a escolha certa em BH!<\/mark><\/p>\n<\/blockquote>\n\n\n\n<p>Neste guia completo, vamos explorar todos os aspectos relacionados \u00e0 idade e ao transplante capilar FUE. Abordaremos desde a adolesc\u00eancia at\u00e9 a terceira idade, analisando as vantagens e desvantagens de realizar o procedimento em diferentes fases da vida. Tamb\u00e9m vamos desmistificar os mitos comuns, fornecer dicas pr\u00e1ticas e responder \u00e0s perguntas mais frequentes para garantir que voc\u00ea tenha todas as informa\u00e7\u00f5es necess\u00e1rias antes de tomar uma decis\u00e3o. Se voc\u00ea est\u00e1 considerando um transplante capilar, este artigo ser\u00e1 o seu ponto de partida para entender se <strong>agora \u00e9 o momento certo<\/strong> para voc\u00ea.<\/p>\n\n\n\n<h3 class=\"wp-block-heading\">O Que \u00e9 o Transplante Capilar FUE?<\/h3>\n\n\n\n<p>Antes de mergulharmos na quest\u00e3o da idade, \u00e9 importante entender o que \u00e9 o transplante capilar FUE e por que ele se tornou t\u00e3o popular. O m\u00e9todo FUE consiste na extra\u00e7\u00e3o individual de fol\u00edculos capilares da \u00e1rea doadora (geralmente a parte de tr\u00e1s da cabe\u00e7a) e na implanta\u00e7\u00e3o dessas unidades na \u00e1rea calva ou rala. Por ser minimamente invasivo, o FUE n\u00e3o deixa cicatrizes lineares, o que facilita a recupera\u00e7\u00e3o e proporciona um resultado mais natural.<\/p>\n\n\n\n<p>Esse procedimento \u00e9 indicado para diversos tipos de calv\u00edcie, desde a <strong>alopecia androgen\u00e9tica<\/strong> at\u00e9 a perda de cabelo causada por cicatrizes ou traumas. A versatilidade do FUE o torna uma escolha popular entre homens e mulheres que buscam uma solu\u00e7\u00e3o definitiva para a queda de cabelo.<\/p>\n\n\n\n<h3 class=\"wp-block-heading\">A Import\u00e2ncia da Idade no Transplante Capilar FUE<\/h3>\n\n\n\n<p>A idade pode influenciar significativamente o sucesso do transplante capilar. Embora o procedimento seja seguro para adultos de v\u00e1rias faixas et\u00e1rias, a decis\u00e3o de quando realiz\u00e1-lo deve ser baseada em uma avalia\u00e7\u00e3o cuidadosa de fatores individuais.<\/p>\n\n\n\n<h4 class=\"wp-block-heading\">Transplante Capilar em Jovens (18 a 25 anos)<\/h4>\n\n\n\n<p>Para muitos jovens, a queda de cabelo precoce pode ser devastadora do ponto de vista emocional. No entanto, realizar um transplante capilar muito cedo pode n\u00e3o ser a melhor escolha. Isso ocorre porque a calv\u00edcie androgen\u00e9tica, a forma mais comum de queda de cabelo, \u00e9 progressiva. Se o transplante for feito enquanto a queda ainda est\u00e1 ativa, o paciente pode precisar de procedimentos adicionais no futuro para manter um resultado natural.<\/p>\n\n\n\n<p>Al\u00e9m disso, os m\u00e9dicos geralmente recomendam que pacientes jovens explorem <strong>tratamentos n\u00e3o cir\u00fargicos<\/strong>, como o uso de finasterida ou minoxidil, antes de optar pelo transplante. Esses tratamentos podem estabilizar a queda de cabelo e ajudar a manter os resultados ap\u00f3s o procedimento.<\/p>\n\n\n\n<h4 class=\"wp-block-heading\">Transplante Capilar em Adultos Jovens (26 a 35 anos)<\/h4>\n\n\n\n<p>Essa faixa et\u00e1ria \u00e9 considerada ideal para muitos candidatos ao transplante capilar FUE. Nesse per\u00edodo, o padr\u00e3o de queda de cabelo geralmente est\u00e1 mais estabelecido, o que permite uma avalia\u00e7\u00e3o mais precisa do <strong>plano de tratamento<\/strong>. Al\u00e9m disso, adultos jovens tendem a ter uma densidade capilar na \u00e1rea doadora mais robusta, o que facilita a obten\u00e7\u00e3o de resultados densos e naturais.<\/p>\n\n\n\n<p>Outro ponto positivo \u00e9 que pacientes nessa faixa et\u00e1ria geralmente est\u00e3o em boa sa\u00fade geral, o que contribui para uma recupera\u00e7\u00e3o mais r\u00e1pida e eficaz.<\/p>\n\n\n\n<h4 class=\"wp-block-heading\">Transplante Capilar em Meia-idade (36 a 50 anos)<\/h4>\n\n\n\n<p>Para indiv\u00edduos de meia-idade, o transplante capilar pode ser uma excelente forma de recuperar a autoestima e melhorar a apar\u00eancia. Nessa fase, a perda de cabelo j\u00e1 atingiu um padr\u00e3o est\u00e1vel, o que facilita o planejamento do procedimento. A <strong>expectativa realista<\/strong> \u00e9 fundamental, pois a densidade capilar pode ser menor do que na juventude, mas isso n\u00e3o impede resultados impressionantes.<\/p>\n\n\n\n<p>Pacientes nessa faixa et\u00e1ria tamb\u00e9m s\u00e3o mais propensos a compreender o car\u00e1ter <strong>gradual<\/strong> do transplante capilar, aceitando que o processo pode exigir m\u00faltiplas sess\u00f5es para alcan\u00e7ar o resultado desejado.<\/p>\n\n\n\n<h4 class=\"wp-block-heading\">Transplante Capilar em Idosos (Acima de 50 anos)<\/h4>\n\n\n\n<p>Embora n\u00e3o exista um limite de idade para o transplante capilar, pacientes mais velhos precisam considerar fatores adicionais, como a sa\u00fade geral e a qualidade dos fol\u00edculos na \u00e1rea doadora. O <strong>estado de sa\u00fade cardiovascular<\/strong>, a presen\u00e7a de diabetes ou outras condi\u00e7\u00f5es m\u00e9dicas podem afetar a decis\u00e3o do m\u00e9dico sobre a realiza\u00e7\u00e3o do procedimento.<\/p>\n\n\n\n<p>No entanto, muitos pacientes acima de 50 anos t\u00eam resultados excepcionais com o transplante capilar FUE, especialmente quando combinam o procedimento com tratamentos complementares para melhorar a qualidade do cabelo existente.<\/p>\n\n\n\n<h3 class=\"wp-block-heading\">Fatores a Considerar Al\u00e9m da Idade<\/h3>\n\n\n\n<p>A idade \u00e9 apenas um dos fatores a serem considerados ao planejar um transplante capilar FUE. Veja outros aspectos importantes:<\/p>\n\n\n\n<ul class=\"wp-block-list\">\n<li><strong>Padr\u00e3o de calv\u00edcie:<\/strong> O est\u00e1gio da queda de cabelo \u00e9 fundamental para determinar o momento certo do procedimento.<\/li>\n\n\n\n<li><strong>Sa\u00fade geral:<\/strong> Condi\u00e7\u00f5es m\u00e9dicas preexistentes podem influenciar a viabilidade do transplante.<\/li>\n\n\n\n<li><strong>Expectativas realistas:<\/strong> Compreender o que o transplante pode e n\u00e3o pode fazer \u00e9 essencial para a satisfa\u00e7\u00e3o do paciente.<\/li>\n\n\n\n<li><strong>Qualidade da \u00e1rea doadora:<\/strong> A densidade dos fol\u00edculos capilares na \u00e1rea doadora influencia diretamente o resultado final.<\/li>\n<\/ul>\n\n\n\n<h3 class=\"wp-block-heading\">15 Dicas Incr\u00edveis para Quem Est\u00e1 Considerando o Transplante Capilar FUE<\/h3>\n\n\n\n<ol class=\"wp-block-list\">\n<li><strong>Consulte um especialista qualificado:<\/strong> Procure cl\u00ednicas especializadas com experi\u00eancia comprovada em transplante capilar FUE.<\/li>\n\n\n\n<li><strong>Evite decis\u00f5es precipitadas:<\/strong> N\u00e3o fa\u00e7a o transplante muito jovem sem considerar a progress\u00e3o da calv\u00edcie.<\/li>\n\n\n\n<li><strong>Fa\u00e7a uma avalia\u00e7\u00e3o completa da sa\u00fade:<\/strong> Certifique-se de que sua sa\u00fade geral est\u00e1 em boas condi\u00e7\u00f5es antes do procedimento.<\/li>\n\n\n\n<li><strong>Pesquise sobre o procedimento:<\/strong> Entenda todas as etapas do transplante, desde a extra\u00e7\u00e3o at\u00e9 a recupera\u00e7\u00e3o.<\/li>\n\n\n\n<li><strong>Tenha expectativas realistas:<\/strong> O transplante melhora a apar\u00eancia, mas n\u00e3o recria a densidade de quando voc\u00ea era adolescente.<\/li>\n\n\n\n<li><strong>Considere tratamentos complementares:<\/strong> O uso de medicamentos como finasterida pode ajudar a manter os resultados.<\/li>\n\n\n\n<li><strong>Verifique a reputa\u00e7\u00e3o da cl\u00ednica:<\/strong> Leia avalia\u00e7\u00f5es e depoimentos de outros pacientes.<\/li>\n\n\n\n<li><strong>Cuide da \u00e1rea doadora:<\/strong> A sa\u00fade do couro cabeludo na \u00e1rea doadora \u00e9 crucial para o sucesso do transplante.<\/li>\n\n\n\n<li><strong>Planeje o p\u00f3s-operat\u00f3rio:<\/strong> Reserve tempo suficiente para a recupera\u00e7\u00e3o ap\u00f3s o procedimento.<\/li>\n\n\n\n<li><strong>Evite \u00e1lcool e cigarro antes da cirurgia:<\/strong> Esses h\u00e1bitos podem prejudicar a cicatriza\u00e7\u00e3o.<\/li>\n\n\n\n<li><strong>Mantenha o couro cabeludo limpo:<\/strong> Siga rigorosamente as instru\u00e7\u00f5es de higiene p\u00f3s-operat\u00f3ria.<\/li>\n\n\n\n<li><strong>N\u00e3o se exponha ao sol imediatamente ap\u00f3s o procedimento:<\/strong> Proteja o couro cabeludo para evitar danos.<\/li>\n\n\n\n<li><strong>Seja paciente com os resultados:<\/strong> O crescimento dos novos fios pode levar meses.<\/li>\n\n\n\n<li><strong>Considere o custo-benef\u00edcio:<\/strong> Compare pre\u00e7os, mas priorize a qualidade e a experi\u00eancia da cl\u00ednica.<\/li>\n\n\n\n<li><strong>Fa\u00e7a perguntas ao seu m\u00e9dico:<\/strong> N\u00e3o hesite em esclarecer todas as suas d\u00favidas antes do procedimento.<\/li>\n<\/ol>\n\n\n\n<h3 class=\"wp-block-heading\">Perguntas Frequentes (FAQ)<\/h3>\n\n\n\n<p><strong>1. Existe uma idade m\u00ednima para o transplante capilar FUE?<\/strong><br>Sim, geralmente o procedimento \u00e9 recomendado para maiores de 18 anos, mas a avalia\u00e7\u00e3o m\u00e9dica \u00e9 fundamental.<\/p>\n\n\n\n<p><strong>2. Qual \u00e9 a melhor idade para fazer o transplante capilar?<\/strong><br>A faixa dos 26 aos 35 anos \u00e9 considerada ideal, mas cada caso deve ser avaliado individualmente.<\/p>\n\n\n\n<p><strong>3. O transplante capilar \u00e9 eficaz em pessoas mais velhas?<\/strong><br>Sim, desde que o paciente tenha uma \u00e1rea doadora saud\u00e1vel e boa sa\u00fade geral.<\/p>\n\n\n\n<p><strong>4. Posso fazer o transplante se minha calv\u00edcie ainda estiver progredindo?<\/strong><br>\u00c9 poss\u00edvel, mas o m\u00e9dico pode recomendar estabilizar a queda antes do procedimento.<\/p>\n\n\n\n<p><strong>5. O transplante capilar FUE deixa cicatrizes?<\/strong><br>O FUE n\u00e3o deixa cicatrizes lineares, apenas pequenas marcas quase impercept\u00edveis.<\/p>\n\n\n\n<p><strong>6. Quanto tempo leva para ver os resultados?<\/strong><br>Os resultados come\u00e7am a aparecer ap\u00f3s 3 a 6 meses, com o crescimento total em cerca de 12 meses.<\/p>\n\n\n\n<p><strong>7. O transplante capilar \u00e9 permanente?<\/strong><br>Sim, os fios transplantados s\u00e3o permanentes, mas a calv\u00edcie pode continuar em outras \u00e1reas.<\/p>\n\n\n\n<p><strong>8. Posso fazer o transplante mais de uma vez?<\/strong><br>Sim, muitos pacientes fazem sess\u00f5es adicionais para maior densidade ou cobertura.<\/p>\n\n\n\n<p><strong>9. O transplante capilar \u00e9 doloroso?<\/strong><br>O procedimento \u00e9 realizado com anestesia local, tornando-o praticamente indolor.<\/p>\n\n\n\n<p><strong>10. O cabelo transplantado parece natural?<\/strong><br>Sim, especialmente com t\u00e9cnicas avan\u00e7adas como o FUE, que preservam a apar\u00eancia natural.<\/p>\n\n\n\n<p><strong>11. Quanto custa um transplante capilar FUE?<\/strong><br>O custo varia de acordo com a cl\u00ednica, o n\u00famero de fol\u00edculos e a complexidade do caso.<\/p>\n\n\n\n<p><strong>12. O transplante funciona para todos os tipos de calv\u00edcie?<\/strong><br>N\u00e3o, algumas condi\u00e7\u00f5es, como alopecia areata, podem n\u00e3o ser trat\u00e1veis com transplante.<\/p>\n\n\n\n<p><strong>13. Quanto tempo dura a recupera\u00e7\u00e3o?<\/strong><br>A maioria dos pacientes retorna \u00e0s atividades normais em poucos dias, com recupera\u00e7\u00e3o completa em algumas semanas.<\/p>\n\n\n\n<p><strong>14. O transplante capilar \u00e9 seguro?<\/strong><br>Sim, quando realizado por profissionais qualificados, o procedimento \u00e9 seguro e eficaz.<\/p>\n\n\n\n<p><strong>15. Posso fazer o transplante se tiver outros problemas de sa\u00fade?<\/strong><br>Depende da condi\u00e7\u00e3o. O m\u00e9dico avaliar\u00e1 seu estado de sa\u00fade antes de aprovar o procedimento.<\/p>\n\n\n\n<h3 class=\"wp-block-heading\">Conclus\u00e3o<\/h3>\n\n\n\n<p>O transplante capilar FUE \u00e9 uma solu\u00e7\u00e3o eficaz e segura para a queda de cabelo, mas a decis\u00e3o de realiz\u00e1-lo deve ser cuidadosamente considerada. A idade ideal varia de pessoa para pessoa, e fatores como a progress\u00e3o da calv\u00edcie, a sa\u00fade geral e as expectativas realistas s\u00e3o cruciais para o sucesso do procedimento. Nossa cl\u00ednica \u00e9 especializada em transplante capilar FUE, oferecendo tecnologia de ponta e uma equipe experiente para garantir resultados naturais e duradouros. Se voc\u00ea est\u00e1 pronto para dar o pr\u00f3ximo passo na jornada para recuperar sua confian\u00e7a, entre em contato conosco e agende sua avalia\u00e7\u00e3o. Estamos aqui para transformar sua vida, fio por fio.<\/p>\n\n\n\n<p>\ud83c\udf10 <a href=\"https:\/\/www.brfue.com\/blog\/\">BRFUE \u2013 Transplante Fio a Fio<\/a><br>\ud83d\udcf2 <a href=\"https:\/\/api.whatsapp.com\/send?phone=5531984977573\">(31) 98497-7573<\/a><br>\u2753 Ficou com alguma duvida? Entre em contato!<br>\ud83d\udccd BRFUE -Av. Afonso Pena, 4273 \u2013 Sala 306 \u2013 Serra<br>\ud83d\udce2 <a href=\"https:\/\/www.brfue.com\/blog\/\" target=\"_blank\" rel=\"noreferrer noopener\"><\/a><a href=\"https:\/\/www.brfue.com\/blog\/\" target=\"_blank\" rel=\"noreferrer noopener\">Blog BRFUE<\/a> &#8211; <a href=\"https:\/\/www.brfue.com\/blog\/\" target=\"_blank\" rel=\"noreferrer noopener\">Dicas, Novidades e Curiosidades sobre Transplante Capilar Fio a Fio<\/a><\/p>\n","protected":false},"excerpt":{"rendered":"<p>O transplante capilar FUE se tornou uma das solu\u00e7\u00f5es mais procuradas por pessoas que enfrentam a queda de cabelo, especialmente por sua abordagem minimamente invasiva e resultados naturais. No entanto, uma das d\u00favidas mais comuns entre os candidatos ao procedimento \u00e9: existe uma idade certa para realizar o transplante capilar FUE? A resposta para essa &hellip;<\/p>\n<p class=\"read-more\"> <a class=\"\" href=\"https:\/\/www.brfue.com\/blog\/curiosidades\/existe-idade-certa-para-fazer-o-transplante-capilar-fue\/\"> <span class=\"screen-reader-text\">Existe Idade certa para Fazer o Transplante Capilar FUE?<\/span> Leia mais &raquo;<\/a><\/p>\n","protected":false},"author":1,"featured_media":1134,"comment_status":"closed","ping_status":"open","sticky":false,"template":"","format":"standard","meta":{"site-sidebar-layout":"default","site-content-layout":"default","ast-global-header-display":"","ast-main-header-display":"","ast-hfb-above-header-display":"","ast-hfb-below-header-display":"","ast-hfb-mobile-header-display":"","site-post-title":"","ast-breadcrumbs-content":"","ast-featured-img":"","footer-sml-layout":"","theme-transparent-header-meta":"","adv-header-id-meta":"","stick-header-meta":"","header-above-stick-meta":"","header-main-stick-meta":"","header-below-stick-meta":"","footnotes":""},"categories":[32,9,1,75,10],"tags":[20,109,107,14,12,19],"class_list":["post-1259","post","type-post","status-publish","format-standard","has-post-thumbnail","hentry","category-calvicie","category-curiosidades","category-dicas","category-fue","category-transplante-capilar","tag-brfue","tag-curiosidades","tag-dicas","tag-fue","tag-transplante-capilar","tag-transplante-capilar-fio-a-fio"],"yoast_head":"<!-- This site is optimized with the Yoast SEO plugin v25.5 - https:\/\/yoast.com\/wordpress\/plugins\/seo\/ -->\n<title>Existe Idade certa para Fazer o Transplante Capilar FUE? - BRFUE - Transplante Capilar em BH - Transplante Fio a Fio em BH<\/title>\n<meta name=\"description\" content=\"Existe Idade certa para Fazer o Transplante Capilar FUE? A resposta para essa pergunta n\u00e3o \u00e9 t\u00e3o simples quanto um n\u00famero espec\u00edfico.\" \/>\n<meta name=\"robots\" content=\"index, follow, max-snippet:-1, max-image-preview:large, max-video-preview:-1\" \/>\n<link rel=\"canonical\" href=\"https:\/\/www.brfue.com\/blog\/curiosidades\/existe-idade-certa-para-fazer-o-transplante-capilar-fue\/\" \/>\n<meta property=\"og:locale\" content=\"pt_BR\" \/>\n<meta property=\"og:type\" content=\"article\" \/>\n<meta property=\"og:title\" content=\"Existe Idade certa para Fazer o Transplante Capilar FUE? - BRFUE - Transplante Capilar em BH - Transplante Fio a Fio em BH\" \/>\n<meta property=\"og:description\" content=\"Existe Idade certa para Fazer o Transplante Capilar FUE? A resposta para essa pergunta n\u00e3o \u00e9 t\u00e3o simples quanto um n\u00famero espec\u00edfico.\" \/>\n<meta property=\"og:url\" content=\"https:\/\/www.brfue.com\/blog\/curiosidades\/existe-idade-certa-para-fazer-o-transplante-capilar-fue\/\" \/>\n<meta property=\"og:site_name\" content=\"BRFUE - Transplante Capilar em BH - Transplante Fio a Fio em BH\" \/>\n<meta property=\"article:published_time\" content=\"2025-02-05T11:52:16+00:00\" \/>\n<meta property=\"article:modified_time\" content=\"2025-02-05T11:52:17+00:00\" \/>\n<meta property=\"og:image\" content=\"https:\/\/www.brfue.com\/blog\/wp-content\/uploads\/2024\/07\/Transplante-Capilar-Melhorando-sua-Qualidade-de-Vida.png\" \/>\n\t<meta property=\"og:image:width\" content=\"1500\" \/>\n\t<meta property=\"og:image:height\" content=\"1000\" \/>\n\t<meta property=\"og:image:type\" content=\"image\/png\" \/>\n<meta name=\"author\" content=\"Editorial BR FUE Transplante Capilar Fio a Fio Transplante Capilar Fio a Fio\" \/>\n<meta name=\"twitter:card\" content=\"summary_large_image\" \/>\n<meta name=\"twitter:label1\" content=\"Escrito por\" \/>\n\t<meta name=\"twitter:data1\" content=\"Editorial BR FUE Transplante Capilar Fio a Fio Transplante Capilar Fio a Fio\" \/>\n\t<meta name=\"twitter:label2\" content=\"Est. tempo de leitura\" \/>\n\t<meta name=\"twitter:data2\" content=\"9 minutos\" \/>\n<script type=\"application\/ld+json\" class=\"yoast-schema-graph\">{\"@context\":\"https:\/\/schema.org\",\"@graph\":[{\"@type\":\"Article\",\"@id\":\"https:\/\/www.brfue.com\/blog\/curiosidades\/existe-idade-certa-para-fazer-o-transplante-capilar-fue\/#article\",\"isPartOf\":{\"@id\":\"https:\/\/www.brfue.com\/blog\/curiosidades\/existe-idade-certa-para-fazer-o-transplante-capilar-fue\/\"},\"author\":{\"name\":\"Editorial BR FUE Transplante Capilar Fio a Fio Transplante Capilar Fio a Fio\",\"@id\":\"https:\/\/www.brfue.com\/blog\/#\/schema\/person\/9a8dad77bcb8b498d1a2611b54d0c8e0\"},\"headline\":\"Existe Idade certa para Fazer o Transplante Capilar FUE?\",\"datePublished\":\"2025-02-05T11:52:16+00:00\",\"dateModified\":\"2025-02-05T11:52:17+00:00\",\"mainEntityOfPage\":{\"@id\":\"https:\/\/www.brfue.com\/blog\/curiosidades\/existe-idade-certa-para-fazer-o-transplante-capilar-fue\/\"},\"wordCount\":1758,\"publisher\":{\"@id\":\"https:\/\/www.brfue.com\/blog\/#organization\"},\"image\":{\"@id\":\"https:\/\/www.brfue.com\/blog\/curiosidades\/existe-idade-certa-para-fazer-o-transplante-capilar-fue\/#primaryimage\"},\"thumbnailUrl\":\"https:\/\/www.brfue.com\/blog\/wp-content\/uploads\/2024\/07\/Transplante-Capilar-Melhorando-sua-Qualidade-de-Vida.png\",\"keywords\":[\"BRFUE\",\"Curiosidades\",\"Dicas\",\"FUE\",\"Transplante Capilar\",\"Transplante capilar fio a fio\"],\"articleSection\":[\"Calv\u00edcie\",\"Curiosidades\",\"Dicas\",\"FUE\",\"Transplante Capilar\"],\"inLanguage\":\"pt-BR\"},{\"@type\":\"WebPage\",\"@id\":\"https:\/\/www.brfue.com\/blog\/curiosidades\/existe-idade-certa-para-fazer-o-transplante-capilar-fue\/\",\"url\":\"https:\/\/www.brfue.com\/blog\/curiosidades\/existe-idade-certa-para-fazer-o-transplante-capilar-fue\/\",\"name\":\"Existe Idade certa para Fazer o Transplante Capilar FUE? - BRFUE - Transplante Capilar em BH - Transplante Fio a Fio em BH\",\"isPartOf\":{\"@id\":\"https:\/\/www.brfue.com\/blog\/#website\"},\"primaryImageOfPage\":{\"@id\":\"https:\/\/www.brfue.com\/blog\/curiosidades\/existe-idade-certa-para-fazer-o-transplante-capilar-fue\/#primaryimage\"},\"image\":{\"@id\":\"https:\/\/www.brfue.com\/blog\/curiosidades\/existe-idade-certa-para-fazer-o-transplante-capilar-fue\/#primaryimage\"},\"thumbnailUrl\":\"https:\/\/www.brfue.com\/blog\/wp-content\/uploads\/2024\/07\/Transplante-Capilar-Melhorando-sua-Qualidade-de-Vida.png\",\"datePublished\":\"2025-02-05T11:52:16+00:00\",\"dateModified\":\"2025-02-05T11:52:17+00:00\",\"description\":\"Existe Idade certa para Fazer o Transplante Capilar FUE? A resposta para essa pergunta n\u00e3o \u00e9 t\u00e3o simples quanto um n\u00famero espec\u00edfico.\",\"breadcrumb\":{\"@id\":\"https:\/\/www.brfue.com\/blog\/curiosidades\/existe-idade-certa-para-fazer-o-transplante-capilar-fue\/#breadcrumb\"},\"inLanguage\":\"pt-BR\",\"potentialAction\":[{\"@type\":\"ReadAction\",\"target\":[\"https:\/\/www.brfue.com\/blog\/curiosidades\/existe-idade-certa-para-fazer-o-transplante-capilar-fue\/\"]}]},{\"@type\":\"ImageObject\",\"inLanguage\":\"pt-BR\",\"@id\":\"https:\/\/www.brfue.com\/blog\/curiosidades\/existe-idade-certa-para-fazer-o-transplante-capilar-fue\/#primaryimage\",\"url\":\"https:\/\/www.brfue.com\/blog\/wp-content\/uploads\/2024\/07\/Transplante-Capilar-Melhorando-sua-Qualidade-de-Vida.png\",\"contentUrl\":\"https:\/\/www.brfue.com\/blog\/wp-content\/uploads\/2024\/07\/Transplante-Capilar-Melhorando-sua-Qualidade-de-Vida.png\",\"width\":1500,\"height\":1000,\"caption\":\"Transplante Capilar: Melhorando sua Qualidade de Vida! Proporcionando n\u00e3o apenas benef\u00edcios est\u00e9ticos, mas tamb\u00e9m um impacto profundo...\"},{\"@type\":\"BreadcrumbList\",\"@id\":\"https:\/\/www.brfue.com\/blog\/curiosidades\/existe-idade-certa-para-fazer-o-transplante-capilar-fue\/#breadcrumb\",\"itemListElement\":[{\"@type\":\"ListItem\",\"position\":1,\"name\":\"In\u00edcio\",\"item\":\"https:\/\/www.brfue.com\/blog\/\"},{\"@type\":\"ListItem\",\"position\":2,\"name\":\"Existe Idade certa para Fazer o Transplante Capilar FUE?\"}]},{\"@type\":\"WebSite\",\"@id\":\"https:\/\/www.brfue.com\/blog\/#website\",\"url\":\"https:\/\/www.brfue.com\/blog\/\",\"name\":\"BRFUE - Transplante Capilar em BH - Transplante Fio a Fio em BH\",\"description\":\"Transplante Capilar em BH- Transplante Fio a Fio em BH\",\"publisher\":{\"@id\":\"https:\/\/www.brfue.com\/blog\/#organization\"},\"potentialAction\":[{\"@type\":\"SearchAction\",\"target\":{\"@type\":\"EntryPoint\",\"urlTemplate\":\"https:\/\/www.brfue.com\/blog\/?s={search_term_string}\"},\"query-input\":{\"@type\":\"PropertyValueSpecification\",\"valueRequired\":true,\"valueName\":\"search_term_string\"}}],\"inLanguage\":\"pt-BR\"},{\"@type\":\"Organization\",\"@id\":\"https:\/\/www.brfue.com\/blog\/#organization\",\"name\":\"BRFUE - Transplante Capilar em BH - Transplante Fio a Fio em BH\",\"url\":\"https:\/\/www.brfue.com\/blog\/\",\"logo\":{\"@type\":\"ImageObject\",\"inLanguage\":\"pt-BR\",\"@id\":\"https:\/\/www.brfue.com\/blog\/#\/schema\/logo\/image\/\",\"url\":\"https:\/\/www.brfue.com\/blog\/wp-content\/uploads\/2022\/11\/logo-white.png\",\"contentUrl\":\"https:\/\/www.brfue.com\/blog\/wp-content\/uploads\/2022\/11\/logo-white.png\",\"width\":82,\"height\":20,\"caption\":\"BRFUE - Transplante Capilar em BH - Transplante Fio a Fio  em BH\"},\"image\":{\"@id\":\"https:\/\/www.brfue.com\/blog\/#\/schema\/logo\/image\/\"}},{\"@type\":\"Person\",\"@id\":\"https:\/\/www.brfue.com\/blog\/#\/schema\/person\/9a8dad77bcb8b498d1a2611b54d0c8e0\",\"name\":\"Editorial BR FUE Transplante Capilar Fio a Fio Transplante Capilar Fio a Fio\",\"sameAs\":[\"https:\/\/brfue.com\/blog\"],\"url\":\"https:\/\/www.brfue.com\/blog\/author\/admin\/\"}]}<\/script>\n<!-- \/ Yoast SEO plugin. -->","yoast_head_json":{"title":"Existe Idade certa para Fazer o Transplante Capilar FUE? - BRFUE - Transplante Capilar em BH - Transplante Fio a Fio em BH","description":"Existe Idade certa para Fazer o Transplante Capilar FUE? A resposta para essa pergunta n\u00e3o \u00e9 t\u00e3o simples quanto um n\u00famero espec\u00edfico.","robots":{"index":"index","follow":"follow","max-snippet":"max-snippet:-1","max-image-preview":"max-image-preview:large","max-video-preview":"max-video-preview:-1"},"canonical":"https:\/\/www.brfue.com\/blog\/curiosidades\/existe-idade-certa-para-fazer-o-transplante-capilar-fue\/","og_locale":"pt_BR","og_type":"article","og_title":"Existe Idade certa para Fazer o Transplante Capilar FUE? - BRFUE - Transplante Capilar em BH - Transplante Fio a Fio em BH","og_description":"Existe Idade certa para Fazer o Transplante Capilar FUE? A resposta para essa pergunta n\u00e3o \u00e9 t\u00e3o simples quanto um n\u00famero espec\u00edfico.","og_url":"https:\/\/www.brfue.com\/blog\/curiosidades\/existe-idade-certa-para-fazer-o-transplante-capilar-fue\/","og_site_name":"BRFUE - Transplante Capilar em BH - Transplante Fio a Fio em BH","article_published_time":"2025-02-05T11:52:16+00:00","article_modified_time":"2025-02-05T11:52:17+00:00","og_image":[{"width":1500,"height":1000,"url":"https:\/\/www.brfue.com\/blog\/wp-content\/uploads\/2024\/07\/Transplante-Capilar-Melhorando-sua-Qualidade-de-Vida.png","type":"image\/png"}],"author":"Editorial BR FUE Transplante Capilar Fio a Fio Transplante Capilar Fio a Fio","twitter_card":"summary_large_image","twitter_misc":{"Escrito por":"Editorial BR FUE Transplante Capilar Fio a Fio Transplante Capilar Fio a Fio","Est. tempo de leitura":"9 minutos"},"schema":{"@context":"https:\/\/schema.org","@graph":[{"@type":"Article","@id":"https:\/\/www.brfue.com\/blog\/curiosidades\/existe-idade-certa-para-fazer-o-transplante-capilar-fue\/#article","isPartOf":{"@id":"https:\/\/www.brfue.com\/blog\/curiosidades\/existe-idade-certa-para-fazer-o-transplante-capilar-fue\/"},"author":{"name":"Editorial BR FUE Transplante Capilar Fio a Fio Transplante Capilar Fio a Fio","@id":"https:\/\/www.brfue.com\/blog\/#\/schema\/person\/9a8dad77bcb8b498d1a2611b54d0c8e0"},"headline":"Existe Idade certa para Fazer o Transplante Capilar FUE?","datePublished":"2025-02-05T11:52:16+00:00","dateModified":"2025-02-05T11:52:17+00:00","mainEntityOfPage":{"@id":"https:\/\/www.brfue.com\/blog\/curiosidades\/existe-idade-certa-para-fazer-o-transplante-capilar-fue\/"},"wordCount":1758,"publisher":{"@id":"https:\/\/www.brfue.com\/blog\/#organization"},"image":{"@id":"https:\/\/www.brfue.com\/blog\/curiosidades\/existe-idade-certa-para-fazer-o-transplante-capilar-fue\/#primaryimage"},"thumbnailUrl":"https:\/\/www.brfue.com\/blog\/wp-content\/uploads\/2024\/07\/Transplante-Capilar-Melhorando-sua-Qualidade-de-Vida.png","keywords":["BRFUE","Curiosidades","Dicas","FUE","Transplante Capilar","Transplante capilar fio a fio"],"articleSection":["Calv\u00edcie","Curiosidades","Dicas","FUE","Transplante Capilar"],"inLanguage":"pt-BR"},{"@type":"WebPage","@id":"https:\/\/www.brfue.com\/blog\/curiosidades\/existe-idade-certa-para-fazer-o-transplante-capilar-fue\/","url":"https:\/\/www.brfue.com\/blog\/curiosidades\/existe-idade-certa-para-fazer-o-transplante-capilar-fue\/","name":"Existe Idade certa para Fazer o Transplante Capilar FUE? - BRFUE - Transplante Capilar em BH - Transplante Fio a Fio em BH","isPartOf":{"@id":"https:\/\/www.brfue.com\/blog\/#website"},"primaryImageOfPage":{"@id":"https:\/\/www.brfue.com\/blog\/curiosidades\/existe-idade-certa-para-fazer-o-transplante-capilar-fue\/#primaryimage"},"image":{"@id":"https:\/\/www.brfue.com\/blog\/curiosidades\/existe-idade-certa-para-fazer-o-transplante-capilar-fue\/#primaryimage"},"thumbnailUrl":"https:\/\/www.brfue.com\/blog\/wp-content\/uploads\/2024\/07\/Transplante-Capilar-Melhorando-sua-Qualidade-de-Vida.png","datePublished":"2025-02-05T11:52:16+00:00","dateModified":"2025-02-05T11:52:17+00:00","description":"Existe Idade certa para Fazer o Transplante Capilar FUE? A resposta para essa pergunta n\u00e3o \u00e9 t\u00e3o simples quanto um n\u00famero espec\u00edfico.","breadcrumb":{"@id":"https:\/\/www.brfue.com\/blog\/curiosidades\/existe-idade-certa-para-fazer-o-transplante-capilar-fue\/#breadcrumb"},"inLanguage":"pt-BR","potentialAction":[{"@type":"ReadAction","target":["https:\/\/www.brfue.com\/blog\/curiosidades\/existe-idade-certa-para-fazer-o-transplante-capilar-fue\/"]}]},{"@type":"ImageObject","inLanguage":"pt-BR","@id":"https:\/\/www.brfue.com\/blog\/curiosidades\/existe-idade-certa-para-fazer-o-transplante-capilar-fue\/#primaryimage","url":"https:\/\/www.brfue.com\/blog\/wp-content\/uploads\/2024\/07\/Transplante-Capilar-Melhorando-sua-Qualidade-de-Vida.png","contentUrl":"https:\/\/www.brfue.com\/blog\/wp-content\/uploads\/2024\/07\/Transplante-Capilar-Melhorando-sua-Qualidade-de-Vida.png","width":1500,"height":1000,"caption":"Transplante Capilar: Melhorando sua Qualidade de Vida! Proporcionando n\u00e3o apenas benef\u00edcios est\u00e9ticos, mas tamb\u00e9m um impacto profundo..."},{"@type":"BreadcrumbList","@id":"https:\/\/www.brfue.com\/blog\/curiosidades\/existe-idade-certa-para-fazer-o-transplante-capilar-fue\/#breadcrumb","itemListElement":[{"@type":"ListItem","position":1,"name":"In\u00edcio","item":"https:\/\/www.brfue.com\/blog\/"},{"@type":"ListItem","position":2,"name":"Existe Idade certa para Fazer o Transplante Capilar FUE?"}]},{"@type":"WebSite","@id":"https:\/\/www.brfue.com\/blog\/#website","url":"https:\/\/www.brfue.com\/blog\/","name":"BRFUE - Transplante Capilar em BH - Transplante Fio a Fio em BH","description":"Transplante Capilar em BH- Transplante Fio a Fio em BH","publisher":{"@id":"https:\/\/www.brfue.com\/blog\/#organization"},"potentialAction":[{"@type":"SearchAction","target":{"@type":"EntryPoint","urlTemplate":"https:\/\/www.brfue.com\/blog\/?s={search_term_string}"},"query-input":{"@type":"PropertyValueSpecification","valueRequired":true,"valueName":"search_term_string"}}],"inLanguage":"pt-BR"},{"@type":"Organization","@id":"https:\/\/www.brfue.com\/blog\/#organization","name":"BRFUE - Transplante Capilar em BH - Transplante Fio a Fio em BH","url":"https:\/\/www.brfue.com\/blog\/","logo":{"@type":"ImageObject","inLanguage":"pt-BR","@id":"https:\/\/www.brfue.com\/blog\/#\/schema\/logo\/image\/","url":"https:\/\/www.brfue.com\/blog\/wp-content\/uploads\/2022\/11\/logo-white.png","contentUrl":"https:\/\/www.brfue.com\/blog\/wp-content\/uploads\/2022\/11\/logo-white.png","width":82,"height":20,"caption":"BRFUE - Transplante Capilar em BH - Transplante Fio a Fio  em BH"},"image":{"@id":"https:\/\/www.brfue.com\/blog\/#\/schema\/logo\/image\/"}},{"@type":"Person","@id":"https:\/\/www.brfue.com\/blog\/#\/schema\/person\/9a8dad77bcb8b498d1a2611b54d0c8e0","name":"Editorial BR FUE Transplante Capilar Fio a Fio Transplante Capilar Fio a Fio","sameAs":["https:\/\/brfue.com\/blog"],"url":"https:\/\/www.brfue.com\/blog\/author\/admin\/"}]}},"_links":{"self":[{"href":"https:\/\/www.brfue.com\/blog\/wp-json\/wp\/v2\/posts\/1259","targetHints":{"allow":["GET"]}}],"collection":[{"href":"https:\/\/www.brfue.com\/blog\/wp-json\/wp\/v2\/posts"}],"about":[{"href":"https:\/\/www.brfue.com\/blog\/wp-json\/wp\/v2\/types\/post"}],"author":[{"embeddable":true,"href":"https:\/\/www.brfue.com\/blog\/wp-json\/wp\/v2\/users\/1"}],"replies":[{"embeddable":true,"href":"https:\/\/www.brfue.com\/blog\/wp-json\/wp\/v2\/comments?post=1259"}],"version-history":[{"count":1,"href":"https:\/\/www.brfue.com\/blog\/wp-json\/wp\/v2\/posts\/1259\/revisions"}],"predecessor-version":[{"id":1260,"href":"https:\/\/www.brfue.com\/blog\/wp-json\/wp\/v2\/posts\/1259\/revisions\/1260"}],"wp:featuredmedia":[{"embeddable":true,"href":"https:\/\/www.brfue.com\/blog\/wp-json\/wp\/v2\/media\/1134"}],"wp:attachment":[{"href":"https:\/\/www.brfue.com\/blog\/wp-json\/wp\/v2\/media?parent=1259"}],"wp:term":[{"taxonomy":"category","embeddable":true,"href":"https:\/\/www.brfue.com\/blog\/wp-json\/wp\/v2\/categories?post=1259"},{"taxonomy":"post_tag","embeddable":true,"href":"https:\/\/www.brfue.com\/blog\/wp-json\/wp\/v2\/tags?post=1259"}],"curies":[{"name":"wp","href":"https:\/\/api.w.org\/{rel}","templated":true}]}}