{"id":1228,"date":"2024-12-04T11:11:50","date_gmt":"2024-12-04T11:11:50","guid":{"rendered":"https:\/\/www.brfue.com\/blog\/?p=1228"},"modified":"2024-12-04T11:11:50","modified_gmt":"2024-12-04T11:11:50","slug":"transplante-capilar-fue-como-manter-o-aspecto-natural-do-cabelo","status":"publish","type":"post","link":"https:\/\/www.brfue.com\/blog\/fue\/transplante-capilar-fue-como-manter-o-aspecto-natural-do-cabelo\/","title":{"rendered":"Transplante Capilar FUE: Como Manter o Aspecto Natural do Cabelo"},"content":{"rendered":"\n<p>O <strong><a href=\"https:\/\/www.brfue.com\/\">Transplante Capilar FUE<\/a> (Extra\u00e7\u00e3o de Unidades Foliculares)<\/strong> \u00e9 uma das t\u00e9cnicas mais avan\u00e7adas e procuradas para tratar a calv\u00edcie e promover a recupera\u00e7\u00e3o de cabelos naturais. Diferente de m\u00e9todos antigos que muitas vezes deixavam cicatrizes vis\u00edveis ou resultados artificiais, o FUE se destaca por proporcionar um aspecto extremamente natural, com m\u00ednima invasividade e recupera\u00e7\u00e3o relativamente r\u00e1pida. Mas como garantir que o transplante realmente atinja o n\u00edvel esperado de naturalidade?<\/p>\n\n\n\n<blockquote class=\"wp-block-quote is-layout-flow wp-block-quote-is-layout-flow\">\n<p><mark style=\"background-color:rgba(0, 0, 0, 0);color:#af7acd\" class=\"has-inline-color\">A <strong>BRFUE<\/strong> \u00e9 especialista em <strong>Transplante Capilar FUE<\/strong>, oferecendo resultados naturais e personalizados. Utilizamos tecnologia de ponta e t\u00e9cnicas avan\u00e7adas para garantir uma recupera\u00e7\u00e3o capilar discreta, sem cicatrizes vis\u00edveis e com m\u00e1xima naturalidade. Nossa equipe altamente capacitada \u00e9 refer\u00eancia no Brasil, priorizando a sa\u00fade e satisfa\u00e7\u00e3o de cada paciente. Confie na <strong>BRFUE<\/strong> para transformar sua apar\u00eancia com seguran\u00e7a e excel\u00eancia!<\/mark><\/p>\n<\/blockquote>\n\n\n\n<p>Este guia completo oferece tudo o que voc\u00ea precisa saber sobre o procedimento, desde os fatores determinantes para o sucesso at\u00e9 dicas pr\u00e1ticas para obter o melhor resultado poss\u00edvel. Vamos explorar os t\u00f3picos mais relevantes para que voc\u00ea tome decis\u00f5es informadas e aproveite ao m\u00e1ximo essa solu\u00e7\u00e3o transformadora.<\/p>\n\n\n\n<h3 class=\"wp-block-heading\"><\/h3>\n\n\n\n<h4 class=\"wp-block-heading\"> <strong>O Que \u00e9 o Transplante Capilar FUE?<\/strong><\/h4>\n\n\n\n<p>A t\u00e9cnica FUE envolve a extra\u00e7\u00e3o individual de fol\u00edculos capilares saud\u00e1veis de \u00e1reas doadoras, geralmente a nuca ou laterais da cabe\u00e7a, e a implanta\u00e7\u00e3o desses fol\u00edculos nas \u00e1reas calvas ou com baixa densidade capilar. O m\u00e9todo \u00e9 minimamente invasivo e evita cicatrizes lineares.<\/p>\n\n\n\n<h4 class=\"wp-block-heading\"> <strong>Benef\u00edcios do FUE em Rela\u00e7\u00e3o a Outras T\u00e9cnicas<\/strong><\/h4>\n\n\n\n<ul class=\"wp-block-list\">\n<li><strong>Sem cicatrizes vis\u00edveis<\/strong>: Ao contr\u00e1rio da t\u00e9cnica FUT, que deixa uma cicatriz linear, o FUE utiliza microextra\u00e7\u00f5es quase impercept\u00edveis.<\/li>\n\n\n\n<li><strong>Aspecto natural<\/strong>: A implanta\u00e7\u00e3o estrat\u00e9gica dos fol\u00edculos respeita a dire\u00e7\u00e3o, \u00e2ngulo e densidade dos fios.<\/li>\n\n\n\n<li><strong>Recupera\u00e7\u00e3o mais r\u00e1pida<\/strong>: Menos invasivo, com menor tempo de inatividade.<\/li>\n\n\n\n<li><strong>Indicado para diferentes tipos de calv\u00edcie<\/strong>: Funciona tanto para homens quanto para mulheres.<\/li>\n<\/ul>\n\n\n\n<h4 class=\"wp-block-heading\"> <strong>Por Que o Aspecto Natural Depende de um Especialista?<\/strong><\/h4>\n\n\n\n<p>A experi\u00eancia do cirurgi\u00e3o \u00e9 essencial para replicar a densidade, dire\u00e7\u00e3o e naturalidade dos cabelos originais. Um especialista avalia a linha capilar individual, caracter\u00edsticas faciais e idade do paciente.<\/p>\n\n\n\n<h4 class=\"wp-block-heading\"> <strong>Escolhendo a Linha Capilar Ideal<\/strong><\/h4>\n\n\n\n<p>A linha capilar \u00e9 um marco est\u00e9tico que define a naturalidade do resultado. Um design mal feito pode parecer artificial. O especialista deve considerar:<\/p>\n\n\n\n<ul class=\"wp-block-list\">\n<li>O formato do rosto.<\/li>\n\n\n\n<li>A densidade capilar na \u00e1rea doadora.<\/li>\n\n\n\n<li>A idade e expectativa de envelhecimento do paciente.<\/li>\n<\/ul>\n\n\n\n<h4 class=\"wp-block-heading\"><strong>Fatores que Influenciam o Resultado Natural<\/strong><\/h4>\n\n\n\n<ul class=\"wp-block-list\">\n<li><strong>Qualidade da \u00e1rea doadora<\/strong>: Quanto mais densos e saud\u00e1veis os fol\u00edculos, melhores os resultados.<\/li>\n\n\n\n<li><strong>T\u00e9cnica de extra\u00e7\u00e3o<\/strong>: Um profissional habilidoso evita danos aos fol\u00edculos.<\/li>\n\n\n\n<li><strong>Implanta\u00e7\u00e3o precisa<\/strong>: Posicionar os fios na angula\u00e7\u00e3o correta \u00e9 essencial.<\/li>\n<\/ul>\n\n\n\n<h4 class=\"wp-block-heading\"><strong>A Import\u00e2ncia da Consulta Pr\u00e9via<\/strong><\/h4>\n\n\n\n<p>Na consulta inicial, o especialista realiza exames detalhados para avaliar o tipo de calv\u00edcie, a sa\u00fade capilar e discutir as expectativas do paciente.<\/p>\n\n\n\n<h4 class=\"wp-block-heading\"><strong>Cuidados Pr\u00e9-Procedimento<\/strong><\/h4>\n\n\n\n<ul class=\"wp-block-list\">\n<li>Evitar \u00e1lcool e cigarro.<\/li>\n\n\n\n<li>Suspender certos medicamentos.<\/li>\n\n\n\n<li>Garantir que o couro cabeludo esteja saud\u00e1vel e sem infec\u00e7\u00f5es.<\/li>\n<\/ul>\n\n\n\n<h4 class=\"wp-block-heading\"><strong>O Procedimento Passo a Passo<\/strong><\/h4>\n\n\n\n<ol class=\"wp-block-list\">\n<li><strong>Prepara\u00e7\u00e3o da \u00e1rea doadora<\/strong>: Raspar o cabelo para facilitar a extra\u00e7\u00e3o.<\/li>\n\n\n\n<li><strong>Extra\u00e7\u00e3o dos fol\u00edculos<\/strong>: Utilizando um dispositivo microcir\u00fargico.<\/li>\n\n\n\n<li><strong>Separa\u00e7\u00e3o e preserva\u00e7\u00e3o<\/strong>: Manter os fol\u00edculos vi\u00e1veis.<\/li>\n\n\n\n<li><strong>Implanta\u00e7\u00e3o<\/strong>: Recriar a linha capilar e distribuir os fol\u00edculos de forma uniforme.<\/li>\n<\/ol>\n\n\n\n<h4 class=\"wp-block-heading\"><strong>Recupera\u00e7\u00e3o P\u00f3s-Operat\u00f3ria<\/strong><\/h4>\n\n\n\n<ul class=\"wp-block-list\">\n<li>Reduzir atividades f\u00edsicas intensas.<\/li>\n\n\n\n<li>Evitar exposi\u00e7\u00e3o solar.<\/li>\n\n\n\n<li>Lavar a cabe\u00e7a com cuidado seguindo as orienta\u00e7\u00f5es.<\/li>\n<\/ul>\n\n\n\n<h4 class=\"wp-block-heading\"><strong>Evolu\u00e7\u00e3o dos Resultados<\/strong><\/h4>\n\n\n\n<p>Os resultados finais podem levar at\u00e9 12 meses para aparecer. O cabelo cresce gradualmente, com aspecto natural e uniforme.<\/p>\n\n\n\n<p><\/p>\n\n\n\n<h3 class=\"wp-block-heading\">15 Dicas Incr\u00edveis para Garantir o Melhor Resultado no FUE<\/h3>\n\n\n\n<ol class=\"wp-block-list\">\n<li>Escolha uma cl\u00ednica com experi\u00eancia comprovada e avalia\u00e7\u00f5es positivas.<\/li>\n\n\n\n<li>Prefira profissionais certificados em transplantes capilares.<\/li>\n\n\n\n<li>Realize exames completos antes de agendar o procedimento.<\/li>\n\n\n\n<li>Evite expectativas irreais; confie no plano proposto pelo m\u00e9dico.<\/li>\n\n\n\n<li>Hidrate-se adequadamente no pr\u00e9 e p\u00f3s-operat\u00f3rio.<\/li>\n\n\n\n<li>Proteja a \u00e1rea implantada do sol e da polui\u00e7\u00e3o.<\/li>\n\n\n\n<li>Use shampoos suaves indicados pelo especialista.<\/li>\n\n\n\n<li>N\u00e3o toque ou esfregue a \u00e1rea rec\u00e9m-transplantada.<\/li>\n\n\n\n<li>Evite chap\u00e9us apertados nas primeiras semanas.<\/li>\n\n\n\n<li>Suspenda o uso de qu\u00edmicas capilares por 6 meses.<\/li>\n\n\n\n<li>Adote uma dieta rica em prote\u00ednas e vitaminas para estimular o crescimento.<\/li>\n\n\n\n<li>N\u00e3o negligencie as consultas de acompanhamento.<\/li>\n\n\n\n<li>Considere sess\u00f5es de PRP (Plasma Rico em Plaquetas) para estimular a regenera\u00e7\u00e3o capilar.<\/li>\n\n\n\n<li>Mantenha h\u00e1bitos saud\u00e1veis; evite fumar e beber em excesso.<\/li>\n\n\n\n<li>Informe-se sobre tecnologias auxiliares, como lasers de baixa intensidade, para acelerar os resultados.<\/li>\n<\/ol>\n\n\n\n<p><\/p>\n\n\n\n<h3 class=\"wp-block-heading\">15 Perguntas Frequentes (FAQ)<\/h3>\n\n\n\n<h4 class=\"wp-block-heading\"><strong>Quem \u00e9 candidato ideal para o FUE?<\/strong><\/h4>\n\n\n\n<p>Qualquer pessoa com \u00e1reas doadoras saud\u00e1veis e calv\u00edcie localizada.<\/p>\n\n\n\n<h4 class=\"wp-block-heading\"><strong>O procedimento \u00e9 doloroso?<\/strong><\/h4>\n\n\n\n<p>N\u00e3o. O FUE \u00e9 realizado sob anestesia local, garantindo conforto ao paciente.<\/p>\n\n\n\n<h4 class=\"wp-block-heading\"><strong>Quanto tempo dura o procedimento?<\/strong><\/h4>\n\n\n\n<p>De 4 a 8 horas, dependendo da extens\u00e3o da \u00e1rea a ser tratada.<\/p>\n\n\n\n<h4 class=\"wp-block-heading\"><strong>Quanto tempo leva para ver os resultados finais?<\/strong><\/h4>\n\n\n\n<p>Os primeiros sinais aparecem em 3 meses, mas o resultado final pode levar at\u00e9 12 meses.<\/p>\n\n\n\n<h4 class=\"wp-block-heading\"><strong>\u00c9 poss\u00edvel usar cabelo de outra pessoa?<\/strong><\/h4>\n\n\n\n<p>N\u00e3o. O transplante utiliza apenas fol\u00edculos do pr\u00f3prio paciente para evitar rejei\u00e7\u00e3o.<\/p>\n\n\n\n<h4 class=\"wp-block-heading\"><strong>O cabelo transplantado pode cair?<\/strong><\/h4>\n\n\n\n<p>Os fios transplantados crescem de forma permanente ap\u00f3s o per\u00edodo inicial de queda (fase de choque).<\/p>\n\n\n\n<h4 class=\"wp-block-heading\"><strong>O procedimento deixa cicatrizes?<\/strong><\/h4>\n\n\n\n<p>A t\u00e9cnica FUE deixa cicatrizes m\u00ednimas, praticamente impercept\u00edveis.<\/p>\n\n\n\n<h4 class=\"wp-block-heading\"><strong>Qual \u00e9 o custo do transplante FUE?<\/strong><\/h4>\n\n\n\n<p>Os custos variam de acordo com a extens\u00e3o do tratamento e a cl\u00ednica escolhida.<\/p>\n\n\n\n<h4 class=\"wp-block-heading\"><strong>H\u00e1 risco de complica\u00e7\u00f5es?<\/strong><\/h4>\n\n\n\n<p>Complica\u00e7\u00f5es s\u00e3o raras, mas podem incluir infec\u00e7\u00e3o ou incha\u00e7o, facilmente trat\u00e1veis.<\/p>\n\n\n\n<h4 class=\"wp-block-heading\"><strong>\u00c9 necess\u00e1rio repetir o procedimento?<\/strong><\/h4>\n\n\n\n<p>N\u00e3o geralmente, mas pode ser necess\u00e1rio em casos de calv\u00edcie progressiva.<\/p>\n\n\n\n<h4 class=\"wp-block-heading\"><strong>Quanto tempo dura a recupera\u00e7\u00e3o?<\/strong><\/h4>\n\n\n\n<p>De 7 a 14 dias para as atividades normais, e cerca de um m\u00eas para recupera\u00e7\u00e3o completa.<\/p>\n\n\n\n<h4 class=\"wp-block-heading\"><strong>O cabelo implantado parece natural?<\/strong><\/h4>\n\n\n\n<p>Sim, quando realizado por um especialista, o FUE resulta em um aspecto natural.<\/p>\n\n\n\n<h4 class=\"wp-block-heading\"><strong>Pode ser feito em mulheres?<\/strong><\/h4>\n\n\n\n<p>Sim, mulheres tamb\u00e9m podem beneficiar-se do transplante FUE.<\/p>\n\n\n\n<h4 class=\"wp-block-heading\"><strong>Posso praticar esportes ap\u00f3s o procedimento?<\/strong><\/h4>\n\n\n\n<p>Atividades leves podem ser retomadas ap\u00f3s 7 dias, mas esportes intensos devem esperar 1 m\u00eas.<\/p>\n\n\n\n<h4 class=\"wp-block-heading\"><strong>O resultado \u00e9 afetado por envelhecimento?<\/strong><\/h4>\n\n\n\n<p>N\u00e3o. Os cabelos transplantados permanecem saud\u00e1veis e resistentes \u00e0 calv\u00edcie.<\/p>\n\n\n\n<p><\/p>\n\n\n\n<h3 class=\"wp-block-heading\">Conclus\u00e3o: Confie em Especialistas para Resultados Extraordin\u00e1rios<\/h3>\n\n\n\n<p>O <strong>Transplante Capilar FUE<\/strong> \u00e9 uma solu\u00e7\u00e3o eficaz e revolucion\u00e1ria para a calv\u00edcie. No entanto, o sucesso do procedimento depende diretamente da escolha de uma cl\u00ednica especializada e de profissionais capacitados. Contar com especialistas que priorizam a naturalidade e utilizam tecnologia de ponta faz toda a diferen\u00e7a no resultado final.<\/p>\n\n\n\n<p>Nossa cl\u00ednica \u00e9 refer\u00eancia no Brasil em transplante capilar, com milhares de casos de sucesso. Oferecemos atendimento personalizado, tecnologia de \u00faltima gera\u00e7\u00e3o e equipe multidisciplinar para garantir que cada paciente obtenha resultados transformadores e com o m\u00e1ximo de naturalidade. <strong>Redescubra sua confian\u00e7a com a nossa expertise em transplante capilar!<\/strong><\/p>\n\n\n\n<p><\/p>\n\n\n\n<p>\ud83c\udf10 <a href=\"https:\/\/www.brfue.com\/blog\/\">BRFUE \u2013 Transplante Fio a Fio<\/a><br>\ud83d\udcf2 (31) 98497-7573<br>\u2753 Ficou com alguma duvida? Entre em contato!<br>\ud83d\udccd BRFUE -Av. Afonso Pena, 4273 \u2013 Sala 306 \u2013 Serra<br>\ud83d\udce2 <a href=\"https:\/\/www.brfue.com\/blog\/\" target=\"_blank\" rel=\"noreferrer noopener\"><\/a><a href=\"https:\/\/www.brfue.com\/blog\/\" target=\"_blank\" rel=\"noreferrer noopener\">Blog BRFUE<\/a> &#8211; <a href=\"https:\/\/www.brfue.com\/blog\/\" target=\"_blank\" rel=\"noreferrer noopener\">Dicas, Novidades e Curiosidades sobre Transplante Capilar Fio a Fio<\/a><\/p>\n","protected":false},"excerpt":{"rendered":"<p>O Transplante Capilar FUE (Extra\u00e7\u00e3o de Unidades Foliculares) \u00e9 uma das t\u00e9cnicas mais avan\u00e7adas e procuradas para tratar a calv\u00edcie e promover a recupera\u00e7\u00e3o de cabelos naturais. Diferente de m\u00e9todos antigos que muitas vezes deixavam cicatrizes vis\u00edveis ou resultados artificiais, o FUE se destaca por proporcionar um aspecto extremamente natural, com m\u00ednima invasividade e recupera\u00e7\u00e3o &hellip;<\/p>\n<p class=\"read-more\"> <a class=\"\" href=\"https:\/\/www.brfue.com\/blog\/fue\/transplante-capilar-fue-como-manter-o-aspecto-natural-do-cabelo\/\"> <span class=\"screen-reader-text\">Transplante Capilar FUE: Como Manter o Aspecto Natural do Cabelo<\/span> Leia mais &raquo;<\/a><\/p>\n","protected":false},"author":1,"featured_media":1165,"comment_status":"closed","ping_status":"open","sticky":false,"template":"","format":"standard","meta":{"site-sidebar-layout":"default","site-content-layout":"default","ast-global-header-display":"","ast-main-header-display":"","ast-hfb-above-header-display":"","ast-hfb-below-header-display":"","ast-hfb-mobile-header-display":"","site-post-title":"","ast-breadcrumbs-content":"","ast-featured-img":"","footer-sml-layout":"","theme-transparent-header-meta":"","adv-header-id-meta":"","stick-header-meta":"","header-above-stick-meta":"","header-main-stick-meta":"","header-below-stick-meta":"","footnotes":""},"categories":[9,75,10],"tags":[105,20,12],"class_list":["post-1228","post","type-post","status-publish","format-standard","has-post-thumbnail","hentry","category-curiosidades","category-fue","category-transplante-capilar","tag-aspecto-natural-do-cabelo","tag-brfue","tag-transplante-capilar"],"yoast_head":"<!-- This site is optimized with the Yoast SEO plugin v25.5 - https:\/\/yoast.com\/wordpress\/plugins\/seo\/ -->\n<title>Transplante Capilar FUE: Como Manter o Aspecto Natural do Cabelo<\/title>\n<meta name=\"description\" content=\"Transplante Capilar FUE: Como Manter o Aspecto Natural do Cabelo. O Transplante Capilar FUE\u00e9 uma das t\u00e9cnicas mais avan\u00e7adas\" \/>\n<meta name=\"robots\" content=\"index, follow, max-snippet:-1, max-image-preview:large, max-video-preview:-1\" \/>\n<link rel=\"canonical\" href=\"https:\/\/www.brfue.com\/blog\/fue\/transplante-capilar-fue-como-manter-o-aspecto-natural-do-cabelo\/\" \/>\n<meta property=\"og:locale\" content=\"pt_BR\" \/>\n<meta property=\"og:type\" content=\"article\" \/>\n<meta property=\"og:title\" content=\"Transplante Capilar FUE: Como Manter o Aspecto Natural do Cabelo\" \/>\n<meta property=\"og:description\" content=\"Transplante Capilar FUE: Como Manter o Aspecto Natural do Cabelo. O Transplante Capilar FUE\u00e9 uma das t\u00e9cnicas mais avan\u00e7adas\" \/>\n<meta property=\"og:url\" content=\"https:\/\/www.brfue.com\/blog\/fue\/transplante-capilar-fue-como-manter-o-aspecto-natural-do-cabelo\/\" \/>\n<meta property=\"og:site_name\" content=\"BRFUE - Transplante Capilar em BH - Transplante Fio a Fio em BH\" \/>\n<meta property=\"article:published_time\" content=\"2024-12-04T11:11:50+00:00\" \/>\n<meta property=\"og:image\" content=\"https:\/\/www.brfue.com\/blog\/wp-content\/uploads\/2024\/08\/Transplante-Capilar-Fio-a-Fio-Procedimento-Recuperacao-e-Resultados.png\" \/>\n\t<meta property=\"og:image:width\" content=\"1500\" \/>\n\t<meta property=\"og:image:height\" content=\"1000\" \/>\n\t<meta property=\"og:image:type\" content=\"image\/png\" \/>\n<meta name=\"author\" content=\"Editorial BR FUE Transplante Capilar Fio a Fio Transplante Capilar Fio a Fio\" \/>\n<meta name=\"twitter:card\" content=\"summary_large_image\" \/>\n<meta name=\"twitter:label1\" content=\"Escrito por\" \/>\n\t<meta name=\"twitter:data1\" content=\"Editorial BR FUE Transplante Capilar Fio a Fio Transplante Capilar Fio a Fio\" \/>\n\t<meta name=\"twitter:label2\" content=\"Est. tempo de leitura\" \/>\n\t<meta name=\"twitter:data2\" content=\"6 minutos\" \/>\n<script type=\"application\/ld+json\" class=\"yoast-schema-graph\">{\"@context\":\"https:\/\/schema.org\",\"@graph\":[{\"@type\":\"Article\",\"@id\":\"https:\/\/www.brfue.com\/blog\/fue\/transplante-capilar-fue-como-manter-o-aspecto-natural-do-cabelo\/#article\",\"isPartOf\":{\"@id\":\"https:\/\/www.brfue.com\/blog\/fue\/transplante-capilar-fue-como-manter-o-aspecto-natural-do-cabelo\/\"},\"author\":{\"name\":\"Editorial BR FUE Transplante Capilar Fio a Fio Transplante Capilar Fio a Fio\",\"@id\":\"https:\/\/www.brfue.com\/blog\/#\/schema\/person\/9a8dad77bcb8b498d1a2611b54d0c8e0\"},\"headline\":\"Transplante Capilar FUE: Como Manter o Aspecto Natural do Cabelo\",\"datePublished\":\"2024-12-04T11:11:50+00:00\",\"mainEntityOfPage\":{\"@id\":\"https:\/\/www.brfue.com\/blog\/fue\/transplante-capilar-fue-como-manter-o-aspecto-natural-do-cabelo\/\"},\"wordCount\":1229,\"publisher\":{\"@id\":\"https:\/\/www.brfue.com\/blog\/#organization\"},\"image\":{\"@id\":\"https:\/\/www.brfue.com\/blog\/fue\/transplante-capilar-fue-como-manter-o-aspecto-natural-do-cabelo\/#primaryimage\"},\"thumbnailUrl\":\"https:\/\/www.brfue.com\/blog\/wp-content\/uploads\/2024\/08\/Transplante-Capilar-Fio-a-Fio-Procedimento-Recuperacao-e-Resultados.png\",\"keywords\":[\"Aspecto Natural do Cabelo\",\"BRFUE\",\"Transplante Capilar\"],\"articleSection\":[\"Curiosidades\",\"FUE\",\"Transplante Capilar\"],\"inLanguage\":\"pt-BR\"},{\"@type\":\"WebPage\",\"@id\":\"https:\/\/www.brfue.com\/blog\/fue\/transplante-capilar-fue-como-manter-o-aspecto-natural-do-cabelo\/\",\"url\":\"https:\/\/www.brfue.com\/blog\/fue\/transplante-capilar-fue-como-manter-o-aspecto-natural-do-cabelo\/\",\"name\":\"Transplante Capilar FUE: Como Manter o Aspecto Natural do Cabelo\",\"isPartOf\":{\"@id\":\"https:\/\/www.brfue.com\/blog\/#website\"},\"primaryImageOfPage\":{\"@id\":\"https:\/\/www.brfue.com\/blog\/fue\/transplante-capilar-fue-como-manter-o-aspecto-natural-do-cabelo\/#primaryimage\"},\"image\":{\"@id\":\"https:\/\/www.brfue.com\/blog\/fue\/transplante-capilar-fue-como-manter-o-aspecto-natural-do-cabelo\/#primaryimage\"},\"thumbnailUrl\":\"https:\/\/www.brfue.com\/blog\/wp-content\/uploads\/2024\/08\/Transplante-Capilar-Fio-a-Fio-Procedimento-Recuperacao-e-Resultados.png\",\"datePublished\":\"2024-12-04T11:11:50+00:00\",\"description\":\"Transplante Capilar FUE: Como Manter o Aspecto Natural do Cabelo. O Transplante Capilar FUE\u00e9 uma das t\u00e9cnicas mais avan\u00e7adas\",\"breadcrumb\":{\"@id\":\"https:\/\/www.brfue.com\/blog\/fue\/transplante-capilar-fue-como-manter-o-aspecto-natural-do-cabelo\/#breadcrumb\"},\"inLanguage\":\"pt-BR\",\"potentialAction\":[{\"@type\":\"ReadAction\",\"target\":[\"https:\/\/www.brfue.com\/blog\/fue\/transplante-capilar-fue-como-manter-o-aspecto-natural-do-cabelo\/\"]}]},{\"@type\":\"ImageObject\",\"inLanguage\":\"pt-BR\",\"@id\":\"https:\/\/www.brfue.com\/blog\/fue\/transplante-capilar-fue-como-manter-o-aspecto-natural-do-cabelo\/#primaryimage\",\"url\":\"https:\/\/www.brfue.com\/blog\/wp-content\/uploads\/2024\/08\/Transplante-Capilar-Fio-a-Fio-Procedimento-Recuperacao-e-Resultados.png\",\"contentUrl\":\"https:\/\/www.brfue.com\/blog\/wp-content\/uploads\/2024\/08\/Transplante-Capilar-Fio-a-Fio-Procedimento-Recuperacao-e-Resultados.png\",\"width\":1500,\"height\":1000,\"caption\":\"Transplante Capilar Fio a Fio: Procedimento, Recupera\u00e7\u00e3o e Resultados. Uma solu\u00e7\u00e3o avan\u00e7ada e eficaz para a calv\u00edcie,\"},{\"@type\":\"BreadcrumbList\",\"@id\":\"https:\/\/www.brfue.com\/blog\/fue\/transplante-capilar-fue-como-manter-o-aspecto-natural-do-cabelo\/#breadcrumb\",\"itemListElement\":[{\"@type\":\"ListItem\",\"position\":1,\"name\":\"In\u00edcio\",\"item\":\"https:\/\/www.brfue.com\/blog\/\"},{\"@type\":\"ListItem\",\"position\":2,\"name\":\"Transplante Capilar FUE: Como Manter o Aspecto Natural do Cabelo\"}]},{\"@type\":\"WebSite\",\"@id\":\"https:\/\/www.brfue.com\/blog\/#website\",\"url\":\"https:\/\/www.brfue.com\/blog\/\",\"name\":\"BRFUE - Transplante Capilar em BH - Transplante Fio a Fio em BH\",\"description\":\"Transplante Capilar em BH- Transplante Fio a Fio em BH\",\"publisher\":{\"@id\":\"https:\/\/www.brfue.com\/blog\/#organization\"},\"potentialAction\":[{\"@type\":\"SearchAction\",\"target\":{\"@type\":\"EntryPoint\",\"urlTemplate\":\"https:\/\/www.brfue.com\/blog\/?s={search_term_string}\"},\"query-input\":{\"@type\":\"PropertyValueSpecification\",\"valueRequired\":true,\"valueName\":\"search_term_string\"}}],\"inLanguage\":\"pt-BR\"},{\"@type\":\"Organization\",\"@id\":\"https:\/\/www.brfue.com\/blog\/#organization\",\"name\":\"BRFUE - Transplante Capilar em BH - Transplante Fio a Fio em BH\",\"url\":\"https:\/\/www.brfue.com\/blog\/\",\"logo\":{\"@type\":\"ImageObject\",\"inLanguage\":\"pt-BR\",\"@id\":\"https:\/\/www.brfue.com\/blog\/#\/schema\/logo\/image\/\",\"url\":\"https:\/\/www.brfue.com\/blog\/wp-content\/uploads\/2022\/11\/logo-white.png\",\"contentUrl\":\"https:\/\/www.brfue.com\/blog\/wp-content\/uploads\/2022\/11\/logo-white.png\",\"width\":82,\"height\":20,\"caption\":\"BRFUE - Transplante Capilar em BH - Transplante Fio a Fio  em BH\"},\"image\":{\"@id\":\"https:\/\/www.brfue.com\/blog\/#\/schema\/logo\/image\/\"}},{\"@type\":\"Person\",\"@id\":\"https:\/\/www.brfue.com\/blog\/#\/schema\/person\/9a8dad77bcb8b498d1a2611b54d0c8e0\",\"name\":\"Editorial BR FUE Transplante Capilar Fio a Fio Transplante Capilar Fio a Fio\",\"sameAs\":[\"https:\/\/brfue.com\/blog\"],\"url\":\"https:\/\/www.brfue.com\/blog\/author\/admin\/\"}]}<\/script>\n<!-- \/ Yoast SEO plugin. -->","yoast_head_json":{"title":"Transplante Capilar FUE: Como Manter o Aspecto Natural do Cabelo","description":"Transplante Capilar FUE: Como Manter o Aspecto Natural do Cabelo. O Transplante Capilar FUE\u00e9 uma das t\u00e9cnicas mais avan\u00e7adas","robots":{"index":"index","follow":"follow","max-snippet":"max-snippet:-1","max-image-preview":"max-image-preview:large","max-video-preview":"max-video-preview:-1"},"canonical":"https:\/\/www.brfue.com\/blog\/fue\/transplante-capilar-fue-como-manter-o-aspecto-natural-do-cabelo\/","og_locale":"pt_BR","og_type":"article","og_title":"Transplante Capilar FUE: Como Manter o Aspecto Natural do Cabelo","og_description":"Transplante Capilar FUE: Como Manter o Aspecto Natural do Cabelo. O Transplante Capilar FUE\u00e9 uma das t\u00e9cnicas mais avan\u00e7adas","og_url":"https:\/\/www.brfue.com\/blog\/fue\/transplante-capilar-fue-como-manter-o-aspecto-natural-do-cabelo\/","og_site_name":"BRFUE - Transplante Capilar em BH - Transplante Fio a Fio em BH","article_published_time":"2024-12-04T11:11:50+00:00","og_image":[{"width":1500,"height":1000,"url":"https:\/\/www.brfue.com\/blog\/wp-content\/uploads\/2024\/08\/Transplante-Capilar-Fio-a-Fio-Procedimento-Recuperacao-e-Resultados.png","type":"image\/png"}],"author":"Editorial BR FUE Transplante Capilar Fio a Fio Transplante Capilar Fio a Fio","twitter_card":"summary_large_image","twitter_misc":{"Escrito por":"Editorial BR FUE Transplante Capilar Fio a Fio Transplante Capilar Fio a Fio","Est. tempo de leitura":"6 minutos"},"schema":{"@context":"https:\/\/schema.org","@graph":[{"@type":"Article","@id":"https:\/\/www.brfue.com\/blog\/fue\/transplante-capilar-fue-como-manter-o-aspecto-natural-do-cabelo\/#article","isPartOf":{"@id":"https:\/\/www.brfue.com\/blog\/fue\/transplante-capilar-fue-como-manter-o-aspecto-natural-do-cabelo\/"},"author":{"name":"Editorial BR FUE Transplante Capilar Fio a Fio Transplante Capilar Fio a Fio","@id":"https:\/\/www.brfue.com\/blog\/#\/schema\/person\/9a8dad77bcb8b498d1a2611b54d0c8e0"},"headline":"Transplante Capilar FUE: Como Manter o Aspecto Natural do Cabelo","datePublished":"2024-12-04T11:11:50+00:00","mainEntityOfPage":{"@id":"https:\/\/www.brfue.com\/blog\/fue\/transplante-capilar-fue-como-manter-o-aspecto-natural-do-cabelo\/"},"wordCount":1229,"publisher":{"@id":"https:\/\/www.brfue.com\/blog\/#organization"},"image":{"@id":"https:\/\/www.brfue.com\/blog\/fue\/transplante-capilar-fue-como-manter-o-aspecto-natural-do-cabelo\/#primaryimage"},"thumbnailUrl":"https:\/\/www.brfue.com\/blog\/wp-content\/uploads\/2024\/08\/Transplante-Capilar-Fio-a-Fio-Procedimento-Recuperacao-e-Resultados.png","keywords":["Aspecto Natural do Cabelo","BRFUE","Transplante Capilar"],"articleSection":["Curiosidades","FUE","Transplante Capilar"],"inLanguage":"pt-BR"},{"@type":"WebPage","@id":"https:\/\/www.brfue.com\/blog\/fue\/transplante-capilar-fue-como-manter-o-aspecto-natural-do-cabelo\/","url":"https:\/\/www.brfue.com\/blog\/fue\/transplante-capilar-fue-como-manter-o-aspecto-natural-do-cabelo\/","name":"Transplante Capilar FUE: Como Manter o Aspecto Natural do Cabelo","isPartOf":{"@id":"https:\/\/www.brfue.com\/blog\/#website"},"primaryImageOfPage":{"@id":"https:\/\/www.brfue.com\/blog\/fue\/transplante-capilar-fue-como-manter-o-aspecto-natural-do-cabelo\/#primaryimage"},"image":{"@id":"https:\/\/www.brfue.com\/blog\/fue\/transplante-capilar-fue-como-manter-o-aspecto-natural-do-cabelo\/#primaryimage"},"thumbnailUrl":"https:\/\/www.brfue.com\/blog\/wp-content\/uploads\/2024\/08\/Transplante-Capilar-Fio-a-Fio-Procedimento-Recuperacao-e-Resultados.png","datePublished":"2024-12-04T11:11:50+00:00","description":"Transplante Capilar FUE: Como Manter o Aspecto Natural do Cabelo. O Transplante Capilar FUE\u00e9 uma das t\u00e9cnicas mais avan\u00e7adas","breadcrumb":{"@id":"https:\/\/www.brfue.com\/blog\/fue\/transplante-capilar-fue-como-manter-o-aspecto-natural-do-cabelo\/#breadcrumb"},"inLanguage":"pt-BR","potentialAction":[{"@type":"ReadAction","target":["https:\/\/www.brfue.com\/blog\/fue\/transplante-capilar-fue-como-manter-o-aspecto-natural-do-cabelo\/"]}]},{"@type":"ImageObject","inLanguage":"pt-BR","@id":"https:\/\/www.brfue.com\/blog\/fue\/transplante-capilar-fue-como-manter-o-aspecto-natural-do-cabelo\/#primaryimage","url":"https:\/\/www.brfue.com\/blog\/wp-content\/uploads\/2024\/08\/Transplante-Capilar-Fio-a-Fio-Procedimento-Recuperacao-e-Resultados.png","contentUrl":"https:\/\/www.brfue.com\/blog\/wp-content\/uploads\/2024\/08\/Transplante-Capilar-Fio-a-Fio-Procedimento-Recuperacao-e-Resultados.png","width":1500,"height":1000,"caption":"Transplante Capilar Fio a Fio: Procedimento, Recupera\u00e7\u00e3o e Resultados. Uma solu\u00e7\u00e3o avan\u00e7ada e eficaz para a calv\u00edcie,"},{"@type":"BreadcrumbList","@id":"https:\/\/www.brfue.com\/blog\/fue\/transplante-capilar-fue-como-manter-o-aspecto-natural-do-cabelo\/#breadcrumb","itemListElement":[{"@type":"ListItem","position":1,"name":"In\u00edcio","item":"https:\/\/www.brfue.com\/blog\/"},{"@type":"ListItem","position":2,"name":"Transplante Capilar FUE: Como Manter o Aspecto Natural do Cabelo"}]},{"@type":"WebSite","@id":"https:\/\/www.brfue.com\/blog\/#website","url":"https:\/\/www.brfue.com\/blog\/","name":"BRFUE - Transplante Capilar em BH - Transplante Fio a Fio em BH","description":"Transplante Capilar em BH- Transplante Fio a Fio em BH","publisher":{"@id":"https:\/\/www.brfue.com\/blog\/#organization"},"potentialAction":[{"@type":"SearchAction","target":{"@type":"EntryPoint","urlTemplate":"https:\/\/www.brfue.com\/blog\/?s={search_term_string}"},"query-input":{"@type":"PropertyValueSpecification","valueRequired":true,"valueName":"search_term_string"}}],"inLanguage":"pt-BR"},{"@type":"Organization","@id":"https:\/\/www.brfue.com\/blog\/#organization","name":"BRFUE - Transplante Capilar em BH - Transplante Fio a Fio em BH","url":"https:\/\/www.brfue.com\/blog\/","logo":{"@type":"ImageObject","inLanguage":"pt-BR","@id":"https:\/\/www.brfue.com\/blog\/#\/schema\/logo\/image\/","url":"https:\/\/www.brfue.com\/blog\/wp-content\/uploads\/2022\/11\/logo-white.png","contentUrl":"https:\/\/www.brfue.com\/blog\/wp-content\/uploads\/2022\/11\/logo-white.png","width":82,"height":20,"caption":"BRFUE - Transplante Capilar em BH - Transplante Fio a Fio  em BH"},"image":{"@id":"https:\/\/www.brfue.com\/blog\/#\/schema\/logo\/image\/"}},{"@type":"Person","@id":"https:\/\/www.brfue.com\/blog\/#\/schema\/person\/9a8dad77bcb8b498d1a2611b54d0c8e0","name":"Editorial BR FUE Transplante Capilar Fio a Fio Transplante Capilar Fio a Fio","sameAs":["https:\/\/brfue.com\/blog"],"url":"https:\/\/www.brfue.com\/blog\/author\/admin\/"}]}},"_links":{"self":[{"href":"https:\/\/www.brfue.com\/blog\/wp-json\/wp\/v2\/posts\/1228","targetHints":{"allow":["GET"]}}],"collection":[{"href":"https:\/\/www.brfue.com\/blog\/wp-json\/wp\/v2\/posts"}],"about":[{"href":"https:\/\/www.brfue.com\/blog\/wp-json\/wp\/v2\/types\/post"}],"author":[{"embeddable":true,"href":"https:\/\/www.brfue.com\/blog\/wp-json\/wp\/v2\/users\/1"}],"replies":[{"embeddable":true,"href":"https:\/\/www.brfue.com\/blog\/wp-json\/wp\/v2\/comments?post=1228"}],"version-history":[{"count":3,"href":"https:\/\/www.brfue.com\/blog\/wp-json\/wp\/v2\/posts\/1228\/revisions"}],"predecessor-version":[{"id":1231,"href":"https:\/\/www.brfue.com\/blog\/wp-json\/wp\/v2\/posts\/1228\/revisions\/1231"}],"wp:featuredmedia":[{"embeddable":true,"href":"https:\/\/www.brfue.com\/blog\/wp-json\/wp\/v2\/media\/1165"}],"wp:attachment":[{"href":"https:\/\/www.brfue.com\/blog\/wp-json\/wp\/v2\/media?parent=1228"}],"wp:term":[{"taxonomy":"category","embeddable":true,"href":"https:\/\/www.brfue.com\/blog\/wp-json\/wp\/v2\/categories?post=1228"},{"taxonomy":"post_tag","embeddable":true,"href":"https:\/\/www.brfue.com\/blog\/wp-json\/wp\/v2\/tags?post=1228"}],"curies":[{"name":"wp","href":"https:\/\/api.w.org\/{rel}","templated":true}]}}