{"id":1042,"date":"2024-01-17T11:25:21","date_gmt":"2024-01-17T11:25:21","guid":{"rendered":"https:\/\/www.brfue.com\/blog\/?p=1042"},"modified":"2024-01-17T11:30:51","modified_gmt":"2024-01-17T11:30:51","slug":"transplante-capilar-em-homens-o-que-voce-precisa-saber","status":"publish","type":"post","link":"https:\/\/www.brfue.com\/blog\/calvicie\/transplante-capilar-em-homens-o-que-voce-precisa-saber\/","title":{"rendered":"Transplante Capilar em Homens: O que Voc\u00ea Precisa Saber"},"content":{"rendered":"\n<p>A calv\u00edcie masculina \u00e9 uma condi\u00e7\u00e3o que afeta muitos homens ao longo de suas vidas, impactando n\u00e3o apenas a apar\u00eancia f\u00edsica, mas tamb\u00e9m a autoestima e a confian\u00e7a. Em busca de solu\u00e7\u00f5es eficazes, o <strong><mark style=\"background-color:rgba(0, 0, 0, 0)\" class=\"has-inline-color has-ast-global-color-0-color\"><a href=\"https:\/\/www.brfue.com\/\">transplante capilar fio a fio<\/a><\/mark><\/strong> emerge como uma t\u00e9cnica inovadora e promissora para restaurar n\u00e3o apenas os cabelos, mas tamb\u00e9m a autoconfian\u00e7a perdida.<\/p>\n\n\n\n<p>Neste blog especializado, mergulharemos fundo no fascinante mundo do transplante capilar fio a fio, explorando desde as \u00faltimas tecnologias revolucion\u00e1rias at\u00e9 as complexidades gen\u00e9ticas que moldam a calv\u00edcie masculina. Desvendaremos hist\u00f3rias reais de sucesso, proporcionando uma vis\u00e3o aut\u00eantica do antes e depois desses procedimentos.<\/p>\n\n\n\n<p>Aqui, cada linha, cada fio de cabelo, conta uma hist\u00f3ria de renova\u00e7\u00e3o e transforma\u00e7\u00e3o. Prepare-se para desvendar os segredos por tr\u00e1s do transplante capilar fio a fio, descobrindo o que realmente \u00e9 necess\u00e1rio saber para alcan\u00e7ar resultados excepcionais. Seja bem-vindo a um mergulho profundo no universo do transplante capilar masculino, onde a ci\u00eancia encontra a arte da restaura\u00e7\u00e3o capilar.<\/p>\n\n\n\n<p><strong><mark style=\"background-color:rgba(0, 0, 0, 0);color:#65ae12\" class=\"has-inline-color\">\u00cdndice:<\/mark><\/strong><\/p>\n\n\n\n<ul class=\"wp-block-list\">\n<li><strong><mark style=\"background-color:rgba(0, 0, 0, 0);color:#65ae12\" class=\"has-inline-color\">Inova\u00e7\u00f5es Tecnol\u00f3gicas no Transplante Capilar Fio a Fio: Uma An\u00e1lise Detalhada<\/mark><\/strong><\/li>\n\n\n\n<li><strong><mark style=\"background-color:rgba(0, 0, 0, 0);color:#65ae12\" class=\"has-inline-color\">O Papel da Gen\u00e9tica no Transplante Capilar Masculino: Expectativas Realistas e Desafios Potenciais<\/mark><\/strong><\/li>\n\n\n\n<li><strong><mark style=\"background-color:rgba(0, 0, 0, 0);color:#65ae12\" class=\"has-inline-color\">Hist\u00f3rias de Sucesso e Li\u00e7\u00f5es Aprendidas: Experi\u00eancias de Homens Ap\u00f3s o Transplante Capilar Fio a Fio<\/mark><\/strong><\/li>\n\n\n\n<li><strong><mark style=\"background-color:rgba(0, 0, 0, 0);color:#65ae12\" class=\"has-inline-color\">Conclus\u00e3o<\/mark><\/strong><\/li>\n<\/ul>\n\n\n\n<p>.<\/p>\n\n\n\n<h2 class=\"wp-block-heading\"><strong><mark style=\"background-color:rgba(0, 0, 0, 0);color:#65ae12\" class=\"has-inline-color\">Inova\u00e7\u00f5es Tecnol\u00f3gicas no Transplante Capilar Fio a Fio: Uma An\u00e1lise Detalhada<\/mark><\/strong><\/h2>\n\n\n\n<p>O avan\u00e7o da tecnologia transformou o cen\u00e1rio do transplante capilar, trazendo consigo inova\u00e7\u00f5es not\u00e1veis que revolucionaram a abordagem fio a fio. Este procedimento, que visa restaurar n\u00e3o apenas os cabelos perdidos, mas tamb\u00e9m a confian\u00e7a e autoestima, agora se beneficia de t\u00e9cnicas sofisticadas e precisas.<\/p>\n\n\n\n<p>Uma das principais inova\u00e7\u00f5es \u00e9 a introdu\u00e7\u00e3o da rob\u00f3tica na extra\u00e7\u00e3o e implanta\u00e7\u00e3o de fol\u00edculos capilares. M\u00e1quinas avan\u00e7adas, com algoritmos complexos, s\u00e3o capazes de identificar e selecionar os melhores fol\u00edculos para garantir um resultado natural e harmonioso. Essa abordagem automatizada n\u00e3o apenas acelera o processo, mas tamb\u00e9m minimiza o risco de danos aos fol\u00edculos, aumentando a taxa de sucesso do transplante.<\/p>\n\n\n\n<p>Outro avan\u00e7o not\u00e1vel \u00e9 a utiliza\u00e7\u00e3o de t\u00e9cnicas de realidade virtual para o planejamento pr\u00e9vio do procedimento. Os cirurgi\u00f5es agora podem visualizar digitalmente a \u00e1rea doadora e receptora, permitindo uma an\u00e1lise detalhada da densidade capilar e da distribui\u00e7\u00e3o dos fol\u00edculos. Isso possibilita um plano cir\u00fargico mais preciso e personalizado, garantindo resultados est\u00e9ticos mais satisfat\u00f3rios.<\/p>\n\n\n\n<p>Al\u00e9m disso, a implementa\u00e7\u00e3o de tecnologias de regenera\u00e7\u00e3o capilar, como o uso de c\u00e9lulas-tronco e terapias de crescimento capilar, tem se mostrado promissora. Essas abordagens visam n\u00e3o apenas transplantar cabelos, mas tamb\u00e9m estimular o crescimento e fortalecimento dos fios existentes, proporcionando resultados mais duradouros e naturais.<\/p>\n\n\n\n<p>Em resumo, as inova\u00e7\u00f5es tecnol\u00f3gicas no transplante capilar fio a fio representam uma evolu\u00e7\u00e3o significativa no campo da restaura\u00e7\u00e3o capilar. Desde a rob\u00f3tica at\u00e9 a realidade virtual e terapias avan\u00e7adas, essas t\u00e9cnicas oferecem n\u00e3o apenas uma solu\u00e7\u00e3o para a perda de cabelo, mas uma experi\u00eancia aprimorada para aqueles que buscam recuperar sua apar\u00eancia e confian\u00e7a. Este \u00e9 um emocionante cap\u00edtulo na interse\u00e7\u00e3o entre tecnologia e sa\u00fade, promovendo avan\u00e7os que transcendem a est\u00e9tica para impactar positivamente a qualidade de vida dos pacientes.<\/p>\n\n\n\n<p>.<\/p>\n\n\n\n<h2 class=\"wp-block-heading\"><strong><mark style=\"background-color:rgba(0, 0, 0, 0);color:#65ae12\" class=\"has-inline-color\"><br>O Papel da Gen\u00e9tica no Transplante Capilar Masculino: Expectativas Realistas e Desafios Potenciais<\/mark><\/strong><\/h2>\n\n\n\n<p>O transplante capilar masculino, embora uma solu\u00e7\u00e3o eficaz para a calv\u00edcie, encontra seus limites nos intricados caminhos da gen\u00e9tica. A heran\u00e7a gen\u00e9tica desempenha um papel crucial no padr\u00e3o de perda de cabelo, moldando as expectativas realistas e apresentando desafios potenciais.<\/p>\n\n\n\n<p>Cada indiv\u00edduo carrega consigo um c\u00f3digo gen\u00e9tico \u00fanico, influenciando diretamente a extens\u00e3o e a progress\u00e3o da calv\u00edcie. Assim, ao considerar um transplante capilar, \u00e9 imperativo compreender que a gen\u00e9tica determinar\u00e1, em parte, a resposta do organismo ao procedimento. Alguns pacientes podem experimentar resultados excepcionais, enquanto outros podem enfrentar desafios devido \u00e0 complexidade gen\u00e9tica subjacente.<\/p>\n\n\n\n<p>Expectativas realistas s\u00e3o essenciais. O transplante capilar n\u00e3o altera a natureza gen\u00e9tica da queda de cabelo; em vez disso, redistribui os fol\u00edculos capilares existentes. Portanto, compreender o padr\u00e3o de perda de cabelo familiar e consultar um especialista s\u00e3o passos cruciais para estabelecer expectativas realistas e alcan\u00e7ar resultados satisfat\u00f3rios.<\/p>\n\n\n\n<p>Os desafios potenciais residem na din\u00e2mica gen\u00e9tica que continua a afetar o cabelo ap\u00f3s o transplante. A evolu\u00e7\u00e3o natural da calv\u00edcie pode demandar procedimentos adicionais ao longo do tempo. Al\u00e9m disso, a gen\u00e9tica pode influenciar a qualidade e a durabilidade dos resultados, variando de pessoa para pessoa.<\/p>\n\n\n\n<p>Em conclus\u00e3o, o papel da gen\u00e9tica no transplante capilar masculino \u00e9 uma pe\u00e7a fundamental do quebra-cabe\u00e7a. Embora as expectativas devam ser realistas, a evolu\u00e7\u00e3o constante da tecnologia e das t\u00e9cnicas cir\u00fargicas oferece oportunidades cont\u00ednuas para enfrentar os desafios gen\u00e9ticos. A chave reside na compreens\u00e3o individualizada de cada caso, permitindo uma abordagem personalizada que respeite a singularidade gen\u00e9tica de cada paciente.<\/p>\n\n\n\n<p>.<\/p>\n\n\n\n<h2 class=\"wp-block-heading\"><strong><mark style=\"background-color:rgba(0, 0, 0, 0);color:#65ae12\" class=\"has-inline-color\"><br>Hist\u00f3rias de Sucesso e Li\u00e7\u00f5es Aprendidas: Experi\u00eancias de Homens Ap\u00f3s o Transplante Capilar Fio a Fio<\/mark><\/strong><\/h2>\n\n\n\n<p>O transplante capilar fio a fio n\u00e3o apenas restaura cabelos, mas tamb\u00e9m tece hist\u00f3rias de renascimento e autoconfian\u00e7a. Nas experi\u00eancias desses homens, encontramos li\u00e7\u00f5es preciosas e inspiradoras.<\/p>\n\n\n\n<p>Hist\u00f3rias de sucesso revelam mais do que a mera recupera\u00e7\u00e3o capilar; elas destacam o impacto emocional e psicol\u00f3gico. Muitos homens descrevem uma transforma\u00e7\u00e3o n\u00e3o apenas na apar\u00eancia, mas na maneira como se percebem e interagem com o mundo. A restaura\u00e7\u00e3o capilar fio a fio n\u00e3o \u00e9 apenas um procedimento est\u00e9tico, mas uma jornada pessoal de empoderamento.<\/p>\n\n\n\n<p>Li\u00e7\u00f5es aprendidas refletem a import\u00e2ncia da pesquisa e da consulta. Homens bem-sucedidos compartilham a necessidade de compreender suas pr\u00f3prias condi\u00e7\u00f5es capilares, estabelecer expectativas realistas e escolher profissionais qualificados. A informa\u00e7\u00e3o \u00e9 alicer\u00e7ada para decis\u00f5es informadas, garantindo resultados que transcendem a satisfa\u00e7\u00e3o superficial.<\/p>\n\n\n\n<p>Al\u00e9m disso, a paci\u00eancia \u00e9 uma virtude valiosa. O crescimento capilar p\u00f3s-transplante \u00e9 um processo gradual, exigindo tempo para que os resultados flores\u00e7am completamente. Homens que abra\u00e7am essa jornada com paci\u00eancia colhem frutos duradouros, reconhecendo que a espera \u00e9 parte integral da transforma\u00e7\u00e3o.<\/p>\n\n\n\n<p>Essas hist\u00f3rias de sucesso e li\u00e7\u00f5es aprendidas formam um tapete de inspira\u00e7\u00e3o para aqueles que contemplam o transplante capilar fio a fio. Mais do que um procedimento m\u00e9dico, \u00e9 uma narrativa de autodescoberta e renova\u00e7\u00e3o. Cada fio transplantado \u00e9 uma linha escrita na hist\u00f3ria de vidas transformadas, refor\u00e7ando a ideia de que a restaura\u00e7\u00e3o capilar vai al\u00e9m do superficial, tocando profundamente a autoestima e a confian\u00e7a de cada homem.<\/p>\n\n\n\n<p>.<\/p>\n\n\n\n<h2 class=\"wp-block-heading\"><strong><mark style=\"background-color:rgba(0, 0, 0, 0);color:#65ae12\" class=\"has-inline-color\"><br>Conclus\u00e3o<\/mark><\/strong><\/h2>\n\n\n\n<p>A beleza da especializa\u00e7\u00e3o reside na capacidade de destilar complexidade em entendimento acess\u00edvel. Nas reflex\u00f5es sobre inova\u00e7\u00f5es tecnol\u00f3gicas, desafios gen\u00e9ticos, ou hist\u00f3rias de sucesso p\u00f3s-transplante capilar, vislumbramos o poder transformador da expertise. Cada an\u00e1lise, cada abordagem, converge para um ponto central: a evolu\u00e7\u00e3o constante na busca pela excel\u00eancia.<\/p>\n\n\n\n<p>Na interse\u00e7\u00e3o entre ci\u00eancia e humanidade, encontramos respostas para questionamentos profundos, moldando avan\u00e7os que transcendem a superf\u00edcie das preocupa\u00e7\u00f5es est\u00e9ticas. A especializa\u00e7\u00e3o \u00e9 uma jornada em constante evolu\u00e7\u00e3o, onde aprendizado e experi\u00eancia convergem para proporcionar n\u00e3o apenas conhecimento, mas tamb\u00e9m solu\u00e7\u00f5es tang\u00edveis.<\/p>\n\n\n\n<p>No universo complexo e fascinante da especializa\u00e7\u00e3o, cada palavra e conclus\u00e3o carregam o peso da dedica\u00e7\u00e3o \u00e0 busca pela verdade e excel\u00eancia. Que este entendimento, esta s\u00edntese de conhecimento, continue a iluminar caminhos, inspirando inova\u00e7\u00f5es e transforma\u00e7\u00f5es profundas. A expertise \u00e9, verdadeiramente, a luz que guia a jornada da descoberta humana.<\/p>\n\n\n\n<p>.<\/p>\n\n\n\n<p>\ud83c\udf10 <a href=\"https:\/\/www.brfue.com\/\">BRFUE &#8211; Transplante Fio a Fio<\/a><br>\ud83d\udcf2 <a href=\"https:\/\/api.whatsapp.com\/send\/?phone=5531984977573&amp;text&amp;type=phone_number&amp;app_absent=0\">(31) 98497-7573<\/a><br>\u2753 Ficou com alguma duvida? <a href=\"https:\/\/www.brfue.com\/blog\/contato\/\">Entre em contato<\/a><br>\ud83d\udccd <a href=\"https:\/\/www.google.com\/maps\/place\/Av.+Afonso+Pena,+4273+-+Sala+306+-+Serra,+Belo+Horizonte+-+MG,+30130-008,+Brasil\/@-19.947208,-43.920813,13z\/data=!4m6!3m5!1s0xa699b6dccba2ef:0x2b3838bc460f8c07!8m2!3d-19.9472076!4d-43.9208129!16s%2Fg%2F11qpkm70jl?hl=pt-BR&amp;entry=ttu\">BRFUE -Av. Afonso Pena, 4273 &#8211; Sala 306 &#8211; Serra<\/a><\/p>\n","protected":false},"excerpt":{"rendered":"<p>Transplante Capilar em Homens: O que Voc\u00ea Precisa Saber. Aqui, cada linha, cada fio de cabelo, conta uma hist\u00f3ria de renova\u00e7\u00e3o!<\/p>\n","protected":false},"author":1,"featured_media":1044,"comment_status":"closed","ping_status":"open","sticky":false,"template":"","format":"standard","meta":{"site-sidebar-layout":"default","site-content-layout":"default","ast-global-header-display":"","ast-main-header-display":"","ast-hfb-above-header-display":"","ast-hfb-below-header-display":"","ast-hfb-mobile-header-display":"","site-post-title":"","ast-breadcrumbs-content":"","ast-featured-img":"","footer-sml-layout":"","theme-transparent-header-meta":"","adv-header-id-meta":"","stick-header-meta":"","header-above-stick-meta":"","header-main-stick-meta":"","header-below-stick-meta":"","footnotes":""},"categories":[32,9,1,38,10],"tags":[20,12,50,66],"class_list":["post-1042","post","type-post","status-publish","format-standard","has-post-thumbnail","hentry","category-calvicie","category-curiosidades","category-dicas","category-implante-capilar","category-transplante-capilar","tag-brfue","tag-transplante-capilar","tag-transplante-capilar-dicas","tag-transplante-capilar-em-homens"],"yoast_head":"<!-- This site is optimized with the Yoast SEO plugin v25.5 - https:\/\/yoast.com\/wordpress\/plugins\/seo\/ -->\n<title>Transplante Capilar em Homens: O que Voc\u00ea Precisa Saber<\/title>\n<meta name=\"description\" content=\"Transplante Capilar em Homens: O que Voc\u00ea Precisa Saber. Aqui, cada linha, cada fio de cabelo, conta uma hist\u00f3ria de renova\u00e7\u00e3o!\" \/>\n<meta name=\"robots\" content=\"index, follow, max-snippet:-1, max-image-preview:large, max-video-preview:-1\" \/>\n<link rel=\"canonical\" href=\"https:\/\/www.brfue.com\/blog\/calvicie\/transplante-capilar-em-homens-o-que-voce-precisa-saber\/\" \/>\n<meta property=\"og:locale\" content=\"pt_BR\" \/>\n<meta property=\"og:type\" content=\"article\" \/>\n<meta property=\"og:title\" content=\"Transplante Capilar em Homens: O que Voc\u00ea Precisa Saber\" \/>\n<meta property=\"og:description\" content=\"Transplante Capilar em Homens: O que Voc\u00ea Precisa Saber. Aqui, cada linha, cada fio de cabelo, conta uma hist\u00f3ria de renova\u00e7\u00e3o!\" \/>\n<meta property=\"og:url\" content=\"https:\/\/www.brfue.com\/blog\/calvicie\/transplante-capilar-em-homens-o-que-voce-precisa-saber\/\" \/>\n<meta property=\"og:site_name\" content=\"BRFUE - Transplante Capilar em BH - Transplante Fio a Fio em BH\" \/>\n<meta property=\"article:published_time\" content=\"2024-01-17T11:25:21+00:00\" \/>\n<meta property=\"article:modified_time\" content=\"2024-01-17T11:30:51+00:00\" \/>\n<meta property=\"og:image\" content=\"https:\/\/www.brfue.com\/blog\/wp-content\/uploads\/2024\/01\/Transplante-Capilar-em-Homens-O-que-Voce-Precisa-Saber.png\" \/>\n\t<meta property=\"og:image:width\" content=\"729\" \/>\n\t<meta property=\"og:image:height\" content=\"454\" \/>\n\t<meta property=\"og:image:type\" content=\"image\/png\" \/>\n<meta name=\"author\" content=\"Editorial BR FUE Transplante Capilar Fio a Fio Transplante Capilar Fio a Fio\" \/>\n<meta name=\"twitter:card\" content=\"summary_large_image\" \/>\n<meta name=\"twitter:label1\" content=\"Escrito por\" \/>\n\t<meta name=\"twitter:data1\" content=\"Editorial BR FUE Transplante Capilar Fio a Fio Transplante Capilar Fio a Fio\" \/>\n\t<meta name=\"twitter:label2\" content=\"Est. tempo de leitura\" \/>\n\t<meta name=\"twitter:data2\" content=\"7 minutos\" \/>\n<script type=\"application\/ld+json\" class=\"yoast-schema-graph\">{\"@context\":\"https:\/\/schema.org\",\"@graph\":[{\"@type\":\"Article\",\"@id\":\"https:\/\/www.brfue.com\/blog\/calvicie\/transplante-capilar-em-homens-o-que-voce-precisa-saber\/#article\",\"isPartOf\":{\"@id\":\"https:\/\/www.brfue.com\/blog\/calvicie\/transplante-capilar-em-homens-o-que-voce-precisa-saber\/\"},\"author\":{\"name\":\"Editorial BR FUE Transplante Capilar Fio a Fio Transplante Capilar Fio a Fio\",\"@id\":\"https:\/\/www.brfue.com\/blog\/#\/schema\/person\/9a8dad77bcb8b498d1a2611b54d0c8e0\"},\"headline\":\"Transplante Capilar em Homens: O que Voc\u00ea Precisa Saber\",\"datePublished\":\"2024-01-17T11:25:21+00:00\",\"dateModified\":\"2024-01-17T11:30:51+00:00\",\"mainEntityOfPage\":{\"@id\":\"https:\/\/www.brfue.com\/blog\/calvicie\/transplante-capilar-em-homens-o-que-voce-precisa-saber\/\"},\"wordCount\":1381,\"publisher\":{\"@id\":\"https:\/\/www.brfue.com\/blog\/#organization\"},\"image\":{\"@id\":\"https:\/\/www.brfue.com\/blog\/calvicie\/transplante-capilar-em-homens-o-que-voce-precisa-saber\/#primaryimage\"},\"thumbnailUrl\":\"https:\/\/www.brfue.com\/blog\/wp-content\/uploads\/2024\/01\/Transplante-Capilar-em-Homens-O-que-Voce-Precisa-Saber.png\",\"keywords\":[\"BRFUE\",\"Transplante Capilar\",\"Transplante Capilar dicas\",\"Transplante Capilar em Homens\"],\"articleSection\":[\"Calv\u00edcie\",\"Curiosidades\",\"Dicas\",\"Implante Capilar\",\"Transplante Capilar\"],\"inLanguage\":\"pt-BR\"},{\"@type\":\"WebPage\",\"@id\":\"https:\/\/www.brfue.com\/blog\/calvicie\/transplante-capilar-em-homens-o-que-voce-precisa-saber\/\",\"url\":\"https:\/\/www.brfue.com\/blog\/calvicie\/transplante-capilar-em-homens-o-que-voce-precisa-saber\/\",\"name\":\"Transplante Capilar em Homens: O que Voc\u00ea Precisa Saber\",\"isPartOf\":{\"@id\":\"https:\/\/www.brfue.com\/blog\/#website\"},\"primaryImageOfPage\":{\"@id\":\"https:\/\/www.brfue.com\/blog\/calvicie\/transplante-capilar-em-homens-o-que-voce-precisa-saber\/#primaryimage\"},\"image\":{\"@id\":\"https:\/\/www.brfue.com\/blog\/calvicie\/transplante-capilar-em-homens-o-que-voce-precisa-saber\/#primaryimage\"},\"thumbnailUrl\":\"https:\/\/www.brfue.com\/blog\/wp-content\/uploads\/2024\/01\/Transplante-Capilar-em-Homens-O-que-Voce-Precisa-Saber.png\",\"datePublished\":\"2024-01-17T11:25:21+00:00\",\"dateModified\":\"2024-01-17T11:30:51+00:00\",\"description\":\"Transplante Capilar em Homens: O que Voc\u00ea Precisa Saber. Aqui, cada linha, cada fio de cabelo, conta uma hist\u00f3ria de renova\u00e7\u00e3o!\",\"breadcrumb\":{\"@id\":\"https:\/\/www.brfue.com\/blog\/calvicie\/transplante-capilar-em-homens-o-que-voce-precisa-saber\/#breadcrumb\"},\"inLanguage\":\"pt-BR\",\"potentialAction\":[{\"@type\":\"ReadAction\",\"target\":[\"https:\/\/www.brfue.com\/blog\/calvicie\/transplante-capilar-em-homens-o-que-voce-precisa-saber\/\"]}]},{\"@type\":\"ImageObject\",\"inLanguage\":\"pt-BR\",\"@id\":\"https:\/\/www.brfue.com\/blog\/calvicie\/transplante-capilar-em-homens-o-que-voce-precisa-saber\/#primaryimage\",\"url\":\"https:\/\/www.brfue.com\/blog\/wp-content\/uploads\/2024\/01\/Transplante-Capilar-em-Homens-O-que-Voce-Precisa-Saber.png\",\"contentUrl\":\"https:\/\/www.brfue.com\/blog\/wp-content\/uploads\/2024\/01\/Transplante-Capilar-em-Homens-O-que-Voce-Precisa-Saber.png\",\"width\":729,\"height\":454,\"caption\":\"Transplante Capilar em Homens: O que Voc\u00ea Precisa Saber\"},{\"@type\":\"BreadcrumbList\",\"@id\":\"https:\/\/www.brfue.com\/blog\/calvicie\/transplante-capilar-em-homens-o-que-voce-precisa-saber\/#breadcrumb\",\"itemListElement\":[{\"@type\":\"ListItem\",\"position\":1,\"name\":\"In\u00edcio\",\"item\":\"https:\/\/www.brfue.com\/blog\/\"},{\"@type\":\"ListItem\",\"position\":2,\"name\":\"Transplante Capilar em Homens: O que Voc\u00ea Precisa Saber\"}]},{\"@type\":\"WebSite\",\"@id\":\"https:\/\/www.brfue.com\/blog\/#website\",\"url\":\"https:\/\/www.brfue.com\/blog\/\",\"name\":\"BRFUE - Transplante Capilar em BH - Transplante Fio a Fio em BH\",\"description\":\"Transplante Capilar em BH- Transplante Fio a Fio em BH\",\"publisher\":{\"@id\":\"https:\/\/www.brfue.com\/blog\/#organization\"},\"potentialAction\":[{\"@type\":\"SearchAction\",\"target\":{\"@type\":\"EntryPoint\",\"urlTemplate\":\"https:\/\/www.brfue.com\/blog\/?s={search_term_string}\"},\"query-input\":{\"@type\":\"PropertyValueSpecification\",\"valueRequired\":true,\"valueName\":\"search_term_string\"}}],\"inLanguage\":\"pt-BR\"},{\"@type\":\"Organization\",\"@id\":\"https:\/\/www.brfue.com\/blog\/#organization\",\"name\":\"BRFUE - Transplante Capilar em BH - Transplante Fio a Fio em BH\",\"url\":\"https:\/\/www.brfue.com\/blog\/\",\"logo\":{\"@type\":\"ImageObject\",\"inLanguage\":\"pt-BR\",\"@id\":\"https:\/\/www.brfue.com\/blog\/#\/schema\/logo\/image\/\",\"url\":\"https:\/\/www.brfue.com\/blog\/wp-content\/uploads\/2022\/11\/logo-white.png\",\"contentUrl\":\"https:\/\/www.brfue.com\/blog\/wp-content\/uploads\/2022\/11\/logo-white.png\",\"width\":82,\"height\":20,\"caption\":\"BRFUE - Transplante Capilar em BH - Transplante Fio a Fio  em BH\"},\"image\":{\"@id\":\"https:\/\/www.brfue.com\/blog\/#\/schema\/logo\/image\/\"}},{\"@type\":\"Person\",\"@id\":\"https:\/\/www.brfue.com\/blog\/#\/schema\/person\/9a8dad77bcb8b498d1a2611b54d0c8e0\",\"name\":\"Editorial BR FUE Transplante Capilar Fio a Fio Transplante Capilar Fio a Fio\",\"sameAs\":[\"https:\/\/brfue.com\/blog\"],\"url\":\"https:\/\/www.brfue.com\/blog\/author\/admin\/\"}]}<\/script>\n<!-- \/ Yoast SEO plugin. -->","yoast_head_json":{"title":"Transplante Capilar em Homens: O que Voc\u00ea Precisa Saber","description":"Transplante Capilar em Homens: O que Voc\u00ea Precisa Saber. Aqui, cada linha, cada fio de cabelo, conta uma hist\u00f3ria de renova\u00e7\u00e3o!","robots":{"index":"index","follow":"follow","max-snippet":"max-snippet:-1","max-image-preview":"max-image-preview:large","max-video-preview":"max-video-preview:-1"},"canonical":"https:\/\/www.brfue.com\/blog\/calvicie\/transplante-capilar-em-homens-o-que-voce-precisa-saber\/","og_locale":"pt_BR","og_type":"article","og_title":"Transplante Capilar em Homens: O que Voc\u00ea Precisa Saber","og_description":"Transplante Capilar em Homens: O que Voc\u00ea Precisa Saber. Aqui, cada linha, cada fio de cabelo, conta uma hist\u00f3ria de renova\u00e7\u00e3o!","og_url":"https:\/\/www.brfue.com\/blog\/calvicie\/transplante-capilar-em-homens-o-que-voce-precisa-saber\/","og_site_name":"BRFUE - Transplante Capilar em BH - Transplante Fio a Fio em BH","article_published_time":"2024-01-17T11:25:21+00:00","article_modified_time":"2024-01-17T11:30:51+00:00","og_image":[{"width":729,"height":454,"url":"https:\/\/www.brfue.com\/blog\/wp-content\/uploads\/2024\/01\/Transplante-Capilar-em-Homens-O-que-Voce-Precisa-Saber.png","type":"image\/png"}],"author":"Editorial BR FUE Transplante Capilar Fio a Fio Transplante Capilar Fio a Fio","twitter_card":"summary_large_image","twitter_misc":{"Escrito por":"Editorial BR FUE Transplante Capilar Fio a Fio Transplante Capilar Fio a Fio","Est. tempo de leitura":"7 minutos"},"schema":{"@context":"https:\/\/schema.org","@graph":[{"@type":"Article","@id":"https:\/\/www.brfue.com\/blog\/calvicie\/transplante-capilar-em-homens-o-que-voce-precisa-saber\/#article","isPartOf":{"@id":"https:\/\/www.brfue.com\/blog\/calvicie\/transplante-capilar-em-homens-o-que-voce-precisa-saber\/"},"author":{"name":"Editorial BR FUE Transplante Capilar Fio a Fio Transplante Capilar Fio a Fio","@id":"https:\/\/www.brfue.com\/blog\/#\/schema\/person\/9a8dad77bcb8b498d1a2611b54d0c8e0"},"headline":"Transplante Capilar em Homens: O que Voc\u00ea Precisa Saber","datePublished":"2024-01-17T11:25:21+00:00","dateModified":"2024-01-17T11:30:51+00:00","mainEntityOfPage":{"@id":"https:\/\/www.brfue.com\/blog\/calvicie\/transplante-capilar-em-homens-o-que-voce-precisa-saber\/"},"wordCount":1381,"publisher":{"@id":"https:\/\/www.brfue.com\/blog\/#organization"},"image":{"@id":"https:\/\/www.brfue.com\/blog\/calvicie\/transplante-capilar-em-homens-o-que-voce-precisa-saber\/#primaryimage"},"thumbnailUrl":"https:\/\/www.brfue.com\/blog\/wp-content\/uploads\/2024\/01\/Transplante-Capilar-em-Homens-O-que-Voce-Precisa-Saber.png","keywords":["BRFUE","Transplante Capilar","Transplante Capilar dicas","Transplante Capilar em Homens"],"articleSection":["Calv\u00edcie","Curiosidades","Dicas","Implante Capilar","Transplante Capilar"],"inLanguage":"pt-BR"},{"@type":"WebPage","@id":"https:\/\/www.brfue.com\/blog\/calvicie\/transplante-capilar-em-homens-o-que-voce-precisa-saber\/","url":"https:\/\/www.brfue.com\/blog\/calvicie\/transplante-capilar-em-homens-o-que-voce-precisa-saber\/","name":"Transplante Capilar em Homens: O que Voc\u00ea Precisa Saber","isPartOf":{"@id":"https:\/\/www.brfue.com\/blog\/#website"},"primaryImageOfPage":{"@id":"https:\/\/www.brfue.com\/blog\/calvicie\/transplante-capilar-em-homens-o-que-voce-precisa-saber\/#primaryimage"},"image":{"@id":"https:\/\/www.brfue.com\/blog\/calvicie\/transplante-capilar-em-homens-o-que-voce-precisa-saber\/#primaryimage"},"thumbnailUrl":"https:\/\/www.brfue.com\/blog\/wp-content\/uploads\/2024\/01\/Transplante-Capilar-em-Homens-O-que-Voce-Precisa-Saber.png","datePublished":"2024-01-17T11:25:21+00:00","dateModified":"2024-01-17T11:30:51+00:00","description":"Transplante Capilar em Homens: O que Voc\u00ea Precisa Saber. Aqui, cada linha, cada fio de cabelo, conta uma hist\u00f3ria de renova\u00e7\u00e3o!","breadcrumb":{"@id":"https:\/\/www.brfue.com\/blog\/calvicie\/transplante-capilar-em-homens-o-que-voce-precisa-saber\/#breadcrumb"},"inLanguage":"pt-BR","potentialAction":[{"@type":"ReadAction","target":["https:\/\/www.brfue.com\/blog\/calvicie\/transplante-capilar-em-homens-o-que-voce-precisa-saber\/"]}]},{"@type":"ImageObject","inLanguage":"pt-BR","@id":"https:\/\/www.brfue.com\/blog\/calvicie\/transplante-capilar-em-homens-o-que-voce-precisa-saber\/#primaryimage","url":"https:\/\/www.brfue.com\/blog\/wp-content\/uploads\/2024\/01\/Transplante-Capilar-em-Homens-O-que-Voce-Precisa-Saber.png","contentUrl":"https:\/\/www.brfue.com\/blog\/wp-content\/uploads\/2024\/01\/Transplante-Capilar-em-Homens-O-que-Voce-Precisa-Saber.png","width":729,"height":454,"caption":"Transplante Capilar em Homens: O que Voc\u00ea Precisa Saber"},{"@type":"BreadcrumbList","@id":"https:\/\/www.brfue.com\/blog\/calvicie\/transplante-capilar-em-homens-o-que-voce-precisa-saber\/#breadcrumb","itemListElement":[{"@type":"ListItem","position":1,"name":"In\u00edcio","item":"https:\/\/www.brfue.com\/blog\/"},{"@type":"ListItem","position":2,"name":"Transplante Capilar em Homens: O que Voc\u00ea Precisa Saber"}]},{"@type":"WebSite","@id":"https:\/\/www.brfue.com\/blog\/#website","url":"https:\/\/www.brfue.com\/blog\/","name":"BRFUE - Transplante Capilar em BH - Transplante Fio a Fio em BH","description":"Transplante Capilar em BH- Transplante Fio a Fio em BH","publisher":{"@id":"https:\/\/www.brfue.com\/blog\/#organization"},"potentialAction":[{"@type":"SearchAction","target":{"@type":"EntryPoint","urlTemplate":"https:\/\/www.brfue.com\/blog\/?s={search_term_string}"},"query-input":{"@type":"PropertyValueSpecification","valueRequired":true,"valueName":"search_term_string"}}],"inLanguage":"pt-BR"},{"@type":"Organization","@id":"https:\/\/www.brfue.com\/blog\/#organization","name":"BRFUE - Transplante Capilar em BH - Transplante Fio a Fio em BH","url":"https:\/\/www.brfue.com\/blog\/","logo":{"@type":"ImageObject","inLanguage":"pt-BR","@id":"https:\/\/www.brfue.com\/blog\/#\/schema\/logo\/image\/","url":"https:\/\/www.brfue.com\/blog\/wp-content\/uploads\/2022\/11\/logo-white.png","contentUrl":"https:\/\/www.brfue.com\/blog\/wp-content\/uploads\/2022\/11\/logo-white.png","width":82,"height":20,"caption":"BRFUE - Transplante Capilar em BH - Transplante Fio a Fio  em BH"},"image":{"@id":"https:\/\/www.brfue.com\/blog\/#\/schema\/logo\/image\/"}},{"@type":"Person","@id":"https:\/\/www.brfue.com\/blog\/#\/schema\/person\/9a8dad77bcb8b498d1a2611b54d0c8e0","name":"Editorial BR FUE Transplante Capilar Fio a Fio Transplante Capilar Fio a Fio","sameAs":["https:\/\/brfue.com\/blog"],"url":"https:\/\/www.brfue.com\/blog\/author\/admin\/"}]}},"_links":{"self":[{"href":"https:\/\/www.brfue.com\/blog\/wp-json\/wp\/v2\/posts\/1042","targetHints":{"allow":["GET"]}}],"collection":[{"href":"https:\/\/www.brfue.com\/blog\/wp-json\/wp\/v2\/posts"}],"about":[{"href":"https:\/\/www.brfue.com\/blog\/wp-json\/wp\/v2\/types\/post"}],"author":[{"embeddable":true,"href":"https:\/\/www.brfue.com\/blog\/wp-json\/wp\/v2\/users\/1"}],"replies":[{"embeddable":true,"href":"https:\/\/www.brfue.com\/blog\/wp-json\/wp\/v2\/comments?post=1042"}],"version-history":[{"count":1,"href":"https:\/\/www.brfue.com\/blog\/wp-json\/wp\/v2\/posts\/1042\/revisions"}],"predecessor-version":[{"id":1043,"href":"https:\/\/www.brfue.com\/blog\/wp-json\/wp\/v2\/posts\/1042\/revisions\/1043"}],"wp:featuredmedia":[{"embeddable":true,"href":"https:\/\/www.brfue.com\/blog\/wp-json\/wp\/v2\/media\/1044"}],"wp:attachment":[{"href":"https:\/\/www.brfue.com\/blog\/wp-json\/wp\/v2\/media?parent=1042"}],"wp:term":[{"taxonomy":"category","embeddable":true,"href":"https:\/\/www.brfue.com\/blog\/wp-json\/wp\/v2\/categories?post=1042"},{"taxonomy":"post_tag","embeddable":true,"href":"https:\/\/www.brfue.com\/blog\/wp-json\/wp\/v2\/tags?post=1042"}],"curies":[{"name":"wp","href":"https:\/\/api.w.org\/{rel}","templated":true}]}}