{"id":1028,"date":"2023-12-27T12:03:35","date_gmt":"2023-12-27T12:03:35","guid":{"rendered":"https:\/\/www.brfue.com\/blog\/?p=1028"},"modified":"2023-12-27T12:03:36","modified_gmt":"2023-12-27T12:03:36","slug":"transplante-capilar-quem-e-um-candidato-adequado","status":"publish","type":"post","link":"https:\/\/www.brfue.com\/blog\/calvicie\/transplante-capilar-quem-e-um-candidato-adequado\/","title":{"rendered":"Transplante Capilar: Quem \u00e9 um Candidato Adequado?"},"content":{"rendered":"\n<p>A busca por solu\u00e7\u00f5es eficazes para a queda de cabelo \u00e9 uma jornada \u00fanica e pessoal. Se voc\u00ea est\u00e1 em Belo Horizonte e considerando um <a href=\"https:\/\/www.brfue.com\/\">transplante capilar fio a fio<\/a>, saiba que est\u00e1 prestes a embarcar em uma transforma\u00e7\u00e3o not\u00e1vel. Nesta introdu\u00e7\u00e3o, exploraremos os elementos fundamentais que tornam o transplante capilar uma op\u00e7\u00e3o vi\u00e1vel, especialmente quando confiado a uma empresa especialista com reconhecimento internacional.<\/p>\n\n\n\n<p>Belo Horizonte, uma cidade vibrante e cheia de vida, agora \u00e9 tamb\u00e9m lar de especialistas em transplante capilar que alcan\u00e7aram reconhecimento global. Seja voc\u00ea um residente local ou algu\u00e9m que viaja para a capital mineira em busca da restaura\u00e7\u00e3o capilar, \u00e9 crucial compreender os crit\u00e9rios que definem o candidato adequado para esse procedimento.<\/p>\n\n\n\n<p>Ao longo deste guia, mergulharemos nas nuances do transplante capilar, desvendando sinais de calv\u00edcie, explorando m\u00e9todos fio a fio e destacando a import\u00e2ncia de escolher especialistas reconhecidos internacionalmente. Sinta-se confiante e informado ao tomar decis\u00f5es sobre a restaura\u00e7\u00e3o capilar em Belo Horizonte, pois esta jornada \u00e9 mais do que recuperar cabelos perdidos \u2013 \u00e9 sobre redescobrir a confian\u00e7a e a autoexpress\u00e3o. Vamos iniciar essa jornada capilar com conhecimento e determina\u00e7\u00e3o.<\/p>\n\n\n\n<p><strong>\u00cdndice:<\/strong><\/p>\n\n\n\n<p><strong>Transplante Capilar em Belo Horizonte: Descubra se Voc\u00ea \u00e9 o Candidato Ideal para Recuperar seus Fios!<br>Sinais de Calv\u00edcie? Descubra se o Transplante Capilar em BH \u00e9 a Solu\u00e7\u00e3o para Voc\u00ea!<br>Especialistas em Transplante Capilar: Por que a Escolha Certa em Belo Horizonte Importa?<\/strong><\/p>\n\n\n\n<p>.<\/p>\n\n\n\n<figure class=\"wp-block-embed is-type-wp-embed is-provider-brfue-transplante-capilar-em-bh-transplante-fio-a-fio-em-bh wp-block-embed-brfue-transplante-capilar-em-bh-transplante-fio-a-fio-em-bh\"><div class=\"wp-block-embed__wrapper\">\n<blockquote class=\"wp-embedded-content\" data-secret=\"OkGkdCyQNz\"><a href=\"https:\/\/www.brfue.com\/blog\/calvicie\/tendencias-atuais-em-transplante-capilar-fio-a-fio\/\">Tend\u00eancias Atuais em Transplante Capilar Fio a Fio!<\/a><\/blockquote><iframe loading=\"lazy\" class=\"wp-embedded-content\" sandbox=\"allow-scripts\" security=\"restricted\" style=\"position: absolute; clip: rect(1px, 1px, 1px, 1px);\" title=\"&#8220;Tend\u00eancias Atuais em Transplante Capilar Fio a Fio!&#8221; &#8212; BRFUE - Transplante Capilar em BH - Transplante Fio a Fio  em BH\" src=\"https:\/\/www.brfue.com\/blog\/calvicie\/tendencias-atuais-em-transplante-capilar-fio-a-fio\/embed\/#?secret=CEDrwHtQRJ#?secret=OkGkdCyQNz\" data-secret=\"OkGkdCyQNz\" width=\"500\" height=\"282\" frameborder=\"0\" marginwidth=\"0\" marginheight=\"0\" scrolling=\"no\"><\/iframe>\n<\/div><\/figure>\n\n\n\n<h2 class=\"wp-block-heading\"><strong><mark style=\"background-color:rgba(0, 0, 0, 0);color:#c819c8\" class=\"has-inline-color\">Transplante Capilar em Belo Horizonte: Descubra se Voc\u00ea \u00e9 o Candidato Ideal para Recuperar seus Fios!<\/mark><\/strong><\/h2>\n\n\n\n<p>A beleza da autoconfian\u00e7a muitas vezes est\u00e1 ligada \u00e0 vitalidade dos nossos cabelos. Se voc\u00ea est\u00e1 em Belo Horizonte e contemplando um transplante capilar fio a fio, \u00e9 essencial entender se voc\u00ea \u00e9 o candidato adequado para essa jornada de recupera\u00e7\u00e3o capilar. Neste guia abrangente, vamos explorar os crit\u00e9rios fundamentais que os especialistas reconhecidos internacionalmente consideram para assegurar resultados extraordin\u00e1rios.<\/p>\n\n\n\n<p><strong>1. Identificando Sinais de Calv\u00edcie: O Primeiro Passo para a Transforma\u00e7\u00e3o<\/strong><\/p>\n\n\n\n<p>A calv\u00edcie pode se manifestar de v\u00e1rias formas, e reconhecer os sinais precoces \u00e9 crucial. Abordaremos os indicadores comuns de perda capilar e como eles podem influenciar a decis\u00e3o de optar por um transplante. Este conhecimento permitir\u00e1 uma avalia\u00e7\u00e3o inicial sobre se voc\u00ea \u00e9 um candidato adequado para a restaura\u00e7\u00e3o capilar em Belo Horizonte.<\/p>\n\n\n\n<p><strong>2. Os Crit\u00e9rios para Ser o Candidato Ideal em BH<\/strong><\/p>\n\n\n\n<p>Cada indiv\u00edduo \u00e9 \u00fanico, e o mesmo se aplica aos candidatos ideais para um <a href=\"https:\/\/www.brfue.com\/\">transplante capilar<\/a>. Discutiremos os fatores f\u00edsicos e de sa\u00fade que os especialistas consideram ao determinar a adequa\u00e7\u00e3o para o procedimento. Compreender esses crit\u00e9rios permitir\u00e1 que voc\u00ea avalie sua pr\u00f3pria elegibilidade e tome decis\u00f5es informadas sobre sua jornada de recupera\u00e7\u00e3o capilar.<\/p>\n\n\n\n<p><strong>3. Belo Horizonte: Centro Internacional de Expertise em Transplante Capilar<\/strong><\/p>\n\n\n\n<p>Descubra por que Belo Horizonte se tornou um destino reconhecido internacionalmente para o transplante capilar. Exploraremos a experi\u00eancia global dos especialistas na cidade, os avan\u00e7os tecnol\u00f3gicos utilizados e como esses elementos convergem para oferecer resultados excepcionais. Ao escolher Belo Horizonte, voc\u00ea opta por uma experi\u00eancia de transforma\u00e7\u00e3o capilar que ultrapassa as fronteiras geogr\u00e1ficas.<\/p>\n\n\n\n<p>Se voc\u00ea est\u00e1 ansioso para recuperar a densidade capilar e a confian\u00e7a perdida, este guia \u00e9 seu aliado na tomada de decis\u00f5es informadas. Descubra se voc\u00ea \u00e9 o candidato ideal para o transplante capilar em Belo Horizonte e inicie sua jornada para a redescoberta da sua melhor vers\u00e3o.<\/p>\n\n\n\n<p>.<\/p>\n\n\n\n<h2 class=\"wp-block-heading\"><strong><mark style=\"background-color:rgba(0, 0, 0, 0);color:#c819c8\" class=\"has-inline-color\"><br>Sinais de Calv\u00edcie? Descubra se o Transplante Capilar em BH \u00e9 a Solu\u00e7\u00e3o para Voc\u00ea!<\/mark><\/strong><\/h2>\n\n\n\n<p>A jornada de lidar com a queda de cabelo muitas vezes come\u00e7a com a identifica\u00e7\u00e3o dos sinais de calv\u00edcie. Se voc\u00ea se encontra em Belo Horizonte e percebe os primeiros ind\u00edcios, \u00e9 hora de explorar se o transplante capilar \u00e9 a solu\u00e7\u00e3o personalizada que voc\u00ea procura. Neste guia, mergulharemos nos sinais comuns de calv\u00edcie e como determinar se o transplante capilar em BH \u00e9 a resposta para recuperar n\u00e3o apenas os fios, mas tamb\u00e9m a autoconfian\u00e7a perdida.<\/p>\n\n\n\n<p><strong>1. Reconhecendo os Primeiros Sinais: Um Guia para Autoavalia\u00e7\u00e3o<\/strong><\/p>\n\n\n\n<p>Calv\u00edcie pode se manifestar de maneiras diferentes, desde afinamento gradual at\u00e9 \u00e1reas visivelmente mais escassas. Abordaremos os sinais iniciais e forneceremos uma ferramenta de autoavalia\u00e7\u00e3o para ajudar a determinar a extens\u00e3o da perda capilar. Este conhecimento \u00e9 o primeiro passo para decidir se o transplante capilar em Belo Horizonte \u00e9 a solu\u00e7\u00e3o adequada para seus objetivos de restaura\u00e7\u00e3o capilar.<\/p>\n\n\n\n<p><strong>2. Transplante Capilar em BH: Uma Op\u00e7\u00e3o Sob Medida<\/strong><\/p>\n\n\n\n<p>Ao compreender os sinais de calv\u00edcie, exploraremos como o <a href=\"https:\/\/www.brfue.com\/\">transplante capilar fio a fio<\/a> em Belo Horizonte oferece uma abordagem personalizada para cada indiv\u00edduo. Destacaremos os m\u00e9todos inovadores utilizados por especialistas reconhecidos internacionalmente na cidade e como essas t\u00e9cnicas podem ser adaptadas para atender \u00e0s necessidades espec\u00edficas de cada paciente.<\/p>\n\n\n\n<p><strong>3. Transforma\u00e7\u00e3o Capilar em BH: Mais do que Fios Recuperados<\/strong><\/p>\n\n\n\n<p>Descubra como Belo Horizonte se tornou um epicentro de transforma\u00e7\u00e3o capilar, indo al\u00e9m da restaura\u00e7\u00e3o de cabelos. Abordaremos como o transplante capilar n\u00e3o \u00e9 apenas um procedimento, mas uma jornada para recuperar a autoconfian\u00e7a e a autoestima. Ao escolher BH, voc\u00ea opta por uma experi\u00eancia completa de transforma\u00e7\u00e3o capilar, enraizada na expertise internacional.<\/p>\n\n\n\n<p>Se os sinais de calv\u00edcie est\u00e3o impactando sua qualidade de vida, este guia fornecer\u00e1 informa\u00e7\u00f5es cruciais para determinar se o transplante capilar em Belo Horizonte \u00e9 a solu\u00e7\u00e3o sob medida que voc\u00ea procura. Prepare-se para redescobrir a plenitude dos seus fios e confian\u00e7a perdida.<\/p>\n\n\n\n<p>.<\/p>\n\n\n\n<figure class=\"wp-block-embed is-type-wp-embed is-provider-brfue-transplante-capilar-em-bh-transplante-fio-a-fio-em-bh wp-block-embed-brfue-transplante-capilar-em-bh-transplante-fio-a-fio-em-bh\"><div class=\"wp-block-embed__wrapper\">\n<blockquote class=\"wp-embedded-content\" data-secret=\"ShoIvqqNfI\"><a href=\"https:\/\/www.brfue.com\/blog\/calvicie\/escolhendo-melhor-profissional-para-transplante-capilar\/\">Escolhendo Melhor Profissional Para Transplante Capilar!<\/a><\/blockquote><iframe loading=\"lazy\" class=\"wp-embedded-content\" sandbox=\"allow-scripts\" security=\"restricted\" style=\"position: absolute; clip: rect(1px, 1px, 1px, 1px);\" title=\"&#8220;Escolhendo Melhor Profissional Para Transplante Capilar!&#8221; &#8212; BRFUE - Transplante Capilar em BH - Transplante Fio a Fio  em BH\" src=\"https:\/\/www.brfue.com\/blog\/calvicie\/escolhendo-melhor-profissional-para-transplante-capilar\/embed\/#?secret=M0tkXn7JCg#?secret=ShoIvqqNfI\" data-secret=\"ShoIvqqNfI\" width=\"500\" height=\"282\" frameborder=\"0\" marginwidth=\"0\" marginheight=\"0\" scrolling=\"no\"><\/iframe>\n<\/div><\/figure>\n\n\n\n<p>.<strong><mark style=\"background-color:rgba(0, 0, 0, 0);color:#c819c8\" class=\"has-inline-color\"><br><\/mark><\/strong><\/p>\n\n\n\n<h2 class=\"wp-block-heading\"><strong><mark style=\"background-color:rgba(0, 0, 0, 0);color:#c819c8\" class=\"has-inline-color\">Especialistas em Transplante Capilar: Por que a Escolha Certa em Belo Horizonte Importa?<\/mark><\/strong><\/h2>\n\n\n\n<p>A decis\u00e3o de realizar um transplante capilar \u00e9 uma jornada significativa, e escolher os especialistas certos faz toda a diferen\u00e7a. Em Belo Horizonte, um cen\u00e1rio internacionalmente reconhecido para procedimentos capilares, a escolha do profissional certo \u00e9 crucial para garantir resultados excepcionais. Neste guia, exploraremos por que a escolha de especialistas em transplante capilar em Belo Horizonte \u00e9 uma etapa fundamental na sua busca pela restaura\u00e7\u00e3o capilar.<\/p>\n\n\n\n<p><strong>1. Reconhecimento Internacional: Expertise que Transcende Fronteiras<\/strong><\/p>\n\n\n\n<p>Descubra como Belo Horizonte se estabeleceu como um centro de excel\u00eancia internacional em transplante capilar. Analisaremos a import\u00e2ncia do reconhecimento global dos especialistas, evidenciando como a experi\u00eancia al\u00e9m das fronteiras brasileiras contribui para t\u00e9cnicas avan\u00e7adas e resultados excepcionais.<\/p>\n\n\n\n<p><strong>2. Tecnologia de Ponta: Avan\u00e7os que Fazem a Diferen\u00e7a<\/strong><\/p>\n\n\n\n<p>Ao escolher especialistas em transplante capilar em BH, voc\u00ea est\u00e1 optando por profissionais que incorporam tecnologias de ponta. Vamos explorar os avan\u00e7os tecnol\u00f3gicos utilizados por esses especialistas, desde m\u00e9todos fio a fio at\u00e9 inova\u00e7\u00f5es em transplante de unidades foliculares, destacando como essas t\u00e9cnicas modernas resultam em procedimentos mais eficazes e naturalmente impressionantes.<\/p>\n\n\n\n<p><strong>3. Experi\u00eancia Personalizada: O Toque Especial em Cada Procedimento<\/strong><\/p>\n\n\n\n<p>Cada paciente \u00e9 \u00fanico, e especialistas em transplante capilar em Belo Horizonte compreendem a import\u00e2ncia de uma abordagem personalizada. Discutiremos como esses profissionais adaptam suas t\u00e9cnicas \u00e0s necessidades individuais de cada paciente, garantindo n\u00e3o apenas a restaura\u00e7\u00e3o capilar, mas tamb\u00e9m uma experi\u00eancia transformadora que atende \u00e0s expectativas e desejos espec\u00edficos.<\/p>\n\n\n\n<p>Ao escolher Belo Horizonte para o seu transplante capilar, voc\u00ea est\u00e1 n\u00e3o apenas optando por um procedimento, mas por uma experi\u00eancia completa e personalizada. Este guia fornecer\u00e1 informa\u00e7\u00f5es cruciais para garantir que a escolha dos especialistas seja um passo confiante em dire\u00e7\u00e3o \u00e0 redescoberta da plenitude capilar e autoconfian\u00e7a.<\/p>\n\n\n\n<p>.<\/p>\n\n\n\n<h2 class=\"wp-block-heading\"><strong><mark style=\"background-color:rgba(0, 0, 0, 0);color:#c819c8\" class=\"has-inline-color\"><br>Conclus\u00e3o<\/mark><\/strong><\/h2>\n\n\n\n<p>Em Belo Horizonte, a cidade que abra\u00e7a a transforma\u00e7\u00e3o capilar com reconhecimento internacional, a escolha de especialistas em transplante capilar \u00e9 o alicerce de uma jornada extraordin\u00e1ria. Ao longo deste guia, exploramos as nuances de como identificar se voc\u00ea \u00e9 o candidato ideal, reconhecendo os sinais de calv\u00edcie e entendendo por que a escolha certa de especialistas faz toda a diferen\u00e7a.<\/p>\n\n\n\n<p><strong>Reafirmando a Import\u00e2ncia da Escolha<\/strong><\/p>\n\n\n\n<p>Escolher Belo Horizonte como seu destino para o transplante capilar \u00e9 abra\u00e7ar n\u00e3o apenas a expertise reconhecida internacionalmente, mas tamb\u00e9m a promessa de tecnologia de ponta. Os especialistas na cidade n\u00e3o apenas restauram cabelos; eles incorporam avan\u00e7os inovadores que elevam a experi\u00eancia do procedimento.<\/p>\n\n\n\n<p><strong>Resultados que V\u00e3o Al\u00e9m da Restaura\u00e7\u00e3o Capilar<\/strong><\/p>\n\n\n\n<p>A conclus\u00e3o de nossa explora\u00e7\u00e3o destaca que, ao optar por especialistas em <a href=\"https:\/\/www.brfue.com\/\">transplante capilar em Belo Horizonte<\/a>, voc\u00ea est\u00e1 comprometido com uma jornada que vai al\u00e9m da restaura\u00e7\u00e3o capilar. A tecnologia de ponta se une \u00e0 experi\u00eancia personalizada, proporcionando resultados que n\u00e3o apenas refletem a plenitude capilar perdida, mas tamb\u00e9m revitalizam a autoconfian\u00e7a e autoestima.<\/p>\n\n\n\n<p><strong>O Futuro Capilar em Belo Horizonte: Uma Escolha Confiante<\/strong><\/p>\n\n\n\n<p>\u00c0 medida que conclu\u00edmos esta explora\u00e7\u00e3o, encorajamos aqueles que buscam a restaura\u00e7\u00e3o capilar em Belo Horizonte a fazerem escolhas confiantes. A cidade n\u00e3o \u00e9 apenas um local geogr\u00e1fico; \u00e9 um epicentro de transforma\u00e7\u00e3o capilar que acolhe pacientes com uma abordagem personalizada, tecnologia avan\u00e7ada e resultados excepcionais.<\/p>\n\n\n\n<p>Ao escolher especialistas em transplante capilar em Belo Horizonte, voc\u00ea est\u00e1 n\u00e3o apenas optando por recuperar fios perdidos, mas por uma jornada capilar de confian\u00e7a e renova\u00e7\u00e3o pessoal. Que esta conclus\u00e3o sirva como um ponto de partida para uma experi\u00eancia capilar que transcende expectativas e redefine a jornada para a autoexpress\u00e3o e confian\u00e7a renovada.<\/p>\n\n\n\n<p>.<\/p>\n\n\n\n<p>\ud83c\udf10 <a href=\"https:\/\/www.brfue.com\/\">BRFUE &#8211; Transplante Fio a Fio<\/a><br>\ud83d\udcf2 <a href=\"https:\/\/api.whatsapp.com\/send\/?phone=5531984977573&amp;text&amp;type=phone_number&amp;app_absent=0\">(31) 98497-7573<\/a><br>\u2753 Ficou com alguma duvida? <a href=\"https:\/\/www.brfue.com\/blog\/contato\/\">Entre em contato<\/a><br>\ud83d\udccd <a href=\"https:\/\/www.google.com\/maps\/place\/Av.+Afonso+Pena,+4273+-+Sala+306+-+Serra,+Belo+Horizonte+-+MG,+30130-008,+Brasil\/@-19.947208,-43.920813,13z\/data=!4m6!3m5!1s0xa699b6dccba2ef:0x2b3838bc460f8c07!8m2!3d-19.9472076!4d-43.9208129!16s%2Fg%2F11qpkm70jl?hl=pt-BR&amp;entry=ttu\">BRFUE -Av. Afonso Pena, 4273 &#8211; Sala 306 &#8211; Serra<\/a><\/p>\n\n\n\n<p><\/p>\n","protected":false},"excerpt":{"rendered":"<p>Transplante Capilar: Quem \u00e9 um Candidato Adequado? Saiba quais os requisitos para se tornar um candidato apto ao transplante fio a fio.<\/p>\n","protected":false},"author":1,"featured_media":1029,"comment_status":"closed","ping_status":"open","sticky":false,"template":"","format":"standard","meta":{"site-sidebar-layout":"default","site-content-layout":"default","ast-global-header-display":"","ast-main-header-display":"","ast-hfb-above-header-display":"","ast-hfb-below-header-display":"","ast-hfb-mobile-header-display":"","site-post-title":"","ast-breadcrumbs-content":"","ast-featured-img":"","footer-sml-layout":"","theme-transparent-header-meta":"","adv-header-id-meta":"","stick-header-meta":"","header-above-stick-meta":"","header-main-stick-meta":"","header-below-stick-meta":"","footnotes":""},"categories":[32,9,1,10],"tags":[20,60,12,19],"class_list":["post-1028","post","type-post","status-publish","format-standard","has-post-thumbnail","hentry","category-calvicie","category-curiosidades","category-dicas","category-transplante-capilar","tag-brfue","tag-candidato-adequado","tag-transplante-capilar","tag-transplante-capilar-fio-a-fio"],"yoast_head":"<!-- This site is optimized with the Yoast SEO plugin v25.5 - https:\/\/yoast.com\/wordpress\/plugins\/seo\/ -->\n<title>Transplante Capilar: Quem \u00e9 um Candidato Adequado?<\/title>\n<meta name=\"description\" content=\"Transplante Capilar: Quem \u00e9 um Candidato Adequado? Saiba quais os requisitos para se tornar um candidato apto ao transplante fio a fio.\" \/>\n<meta name=\"robots\" content=\"index, follow, max-snippet:-1, max-image-preview:large, max-video-preview:-1\" \/>\n<link rel=\"canonical\" href=\"https:\/\/www.brfue.com\/blog\/calvicie\/transplante-capilar-quem-e-um-candidato-adequado\/\" \/>\n<meta property=\"og:locale\" content=\"pt_BR\" \/>\n<meta property=\"og:type\" content=\"article\" \/>\n<meta property=\"og:title\" content=\"Transplante Capilar: Quem \u00e9 um Candidato Adequado?\" \/>\n<meta property=\"og:description\" content=\"Transplante Capilar: Quem \u00e9 um Candidato Adequado? Saiba quais os requisitos para se tornar um candidato apto ao transplante fio a fio.\" \/>\n<meta property=\"og:url\" content=\"https:\/\/www.brfue.com\/blog\/calvicie\/transplante-capilar-quem-e-um-candidato-adequado\/\" \/>\n<meta property=\"og:site_name\" content=\"BRFUE - Transplante Capilar em BH - Transplante Fio a Fio em BH\" \/>\n<meta property=\"article:published_time\" content=\"2023-12-27T12:03:35+00:00\" \/>\n<meta property=\"article:modified_time\" content=\"2023-12-27T12:03:36+00:00\" \/>\n<meta property=\"og:image\" content=\"https:\/\/www.brfue.com\/blog\/wp-content\/uploads\/2023\/12\/Transplante-Capilar-Quem-e-um-Candidato-Adequado.webp\" \/>\n\t<meta property=\"og:image:width\" content=\"774\" \/>\n\t<meta property=\"og:image:height\" content=\"1032\" \/>\n\t<meta property=\"og:image:type\" content=\"image\/webp\" \/>\n<meta name=\"author\" content=\"Editorial BR FUE Transplante Capilar Fio a Fio Transplante Capilar Fio a Fio\" \/>\n<meta name=\"twitter:card\" content=\"summary_large_image\" \/>\n<meta name=\"twitter:label1\" content=\"Escrito por\" \/>\n\t<meta name=\"twitter:data1\" content=\"Editorial BR FUE Transplante Capilar Fio a Fio Transplante Capilar Fio a Fio\" \/>\n\t<meta name=\"twitter:label2\" content=\"Est. tempo de leitura\" \/>\n\t<meta name=\"twitter:data2\" content=\"9 minutos\" \/>\n<script type=\"application\/ld+json\" class=\"yoast-schema-graph\">{\"@context\":\"https:\/\/schema.org\",\"@graph\":[{\"@type\":\"Article\",\"@id\":\"https:\/\/www.brfue.com\/blog\/calvicie\/transplante-capilar-quem-e-um-candidato-adequado\/#article\",\"isPartOf\":{\"@id\":\"https:\/\/www.brfue.com\/blog\/calvicie\/transplante-capilar-quem-e-um-candidato-adequado\/\"},\"author\":{\"name\":\"Editorial BR FUE Transplante Capilar Fio a Fio Transplante Capilar Fio a Fio\",\"@id\":\"https:\/\/www.brfue.com\/blog\/#\/schema\/person\/9a8dad77bcb8b498d1a2611b54d0c8e0\"},\"headline\":\"Transplante Capilar: Quem \u00e9 um Candidato Adequado?\",\"datePublished\":\"2023-12-27T12:03:35+00:00\",\"dateModified\":\"2023-12-27T12:03:36+00:00\",\"mainEntityOfPage\":{\"@id\":\"https:\/\/www.brfue.com\/blog\/calvicie\/transplante-capilar-quem-e-um-candidato-adequado\/\"},\"wordCount\":1599,\"publisher\":{\"@id\":\"https:\/\/www.brfue.com\/blog\/#organization\"},\"image\":{\"@id\":\"https:\/\/www.brfue.com\/blog\/calvicie\/transplante-capilar-quem-e-um-candidato-adequado\/#primaryimage\"},\"thumbnailUrl\":\"https:\/\/www.brfue.com\/blog\/wp-content\/uploads\/2023\/12\/Transplante-Capilar-Quem-e-um-Candidato-Adequado.webp\",\"keywords\":[\"BRFUE\",\"Candidato adequado\",\"Transplante Capilar\",\"Transplante capilar fio a fio\"],\"articleSection\":[\"Calv\u00edcie\",\"Curiosidades\",\"Dicas\",\"Transplante Capilar\"],\"inLanguage\":\"pt-BR\"},{\"@type\":\"WebPage\",\"@id\":\"https:\/\/www.brfue.com\/blog\/calvicie\/transplante-capilar-quem-e-um-candidato-adequado\/\",\"url\":\"https:\/\/www.brfue.com\/blog\/calvicie\/transplante-capilar-quem-e-um-candidato-adequado\/\",\"name\":\"Transplante Capilar: Quem \u00e9 um Candidato Adequado?\",\"isPartOf\":{\"@id\":\"https:\/\/www.brfue.com\/blog\/#website\"},\"primaryImageOfPage\":{\"@id\":\"https:\/\/www.brfue.com\/blog\/calvicie\/transplante-capilar-quem-e-um-candidato-adequado\/#primaryimage\"},\"image\":{\"@id\":\"https:\/\/www.brfue.com\/blog\/calvicie\/transplante-capilar-quem-e-um-candidato-adequado\/#primaryimage\"},\"thumbnailUrl\":\"https:\/\/www.brfue.com\/blog\/wp-content\/uploads\/2023\/12\/Transplante-Capilar-Quem-e-um-Candidato-Adequado.webp\",\"datePublished\":\"2023-12-27T12:03:35+00:00\",\"dateModified\":\"2023-12-27T12:03:36+00:00\",\"description\":\"Transplante Capilar: Quem \u00e9 um Candidato Adequado? Saiba quais os requisitos para se tornar um candidato apto ao transplante fio a fio.\",\"breadcrumb\":{\"@id\":\"https:\/\/www.brfue.com\/blog\/calvicie\/transplante-capilar-quem-e-um-candidato-adequado\/#breadcrumb\"},\"inLanguage\":\"pt-BR\",\"potentialAction\":[{\"@type\":\"ReadAction\",\"target\":[\"https:\/\/www.brfue.com\/blog\/calvicie\/transplante-capilar-quem-e-um-candidato-adequado\/\"]}]},{\"@type\":\"ImageObject\",\"inLanguage\":\"pt-BR\",\"@id\":\"https:\/\/www.brfue.com\/blog\/calvicie\/transplante-capilar-quem-e-um-candidato-adequado\/#primaryimage\",\"url\":\"https:\/\/www.brfue.com\/blog\/wp-content\/uploads\/2023\/12\/Transplante-Capilar-Quem-e-um-Candidato-Adequado.webp\",\"contentUrl\":\"https:\/\/www.brfue.com\/blog\/wp-content\/uploads\/2023\/12\/Transplante-Capilar-Quem-e-um-Candidato-Adequado.webp\",\"width\":774,\"height\":1032,\"caption\":\"Transplante Capilar Quem \u00e9 um Candidato Adequado\"},{\"@type\":\"BreadcrumbList\",\"@id\":\"https:\/\/www.brfue.com\/blog\/calvicie\/transplante-capilar-quem-e-um-candidato-adequado\/#breadcrumb\",\"itemListElement\":[{\"@type\":\"ListItem\",\"position\":1,\"name\":\"In\u00edcio\",\"item\":\"https:\/\/www.brfue.com\/blog\/\"},{\"@type\":\"ListItem\",\"position\":2,\"name\":\"Transplante Capilar: Quem \u00e9 um Candidato Adequado?\"}]},{\"@type\":\"WebSite\",\"@id\":\"https:\/\/www.brfue.com\/blog\/#website\",\"url\":\"https:\/\/www.brfue.com\/blog\/\",\"name\":\"BRFUE - Transplante Capilar em BH - Transplante Fio a Fio em BH\",\"description\":\"Transplante Capilar em BH- Transplante Fio a Fio em BH\",\"publisher\":{\"@id\":\"https:\/\/www.brfue.com\/blog\/#organization\"},\"potentialAction\":[{\"@type\":\"SearchAction\",\"target\":{\"@type\":\"EntryPoint\",\"urlTemplate\":\"https:\/\/www.brfue.com\/blog\/?s={search_term_string}\"},\"query-input\":{\"@type\":\"PropertyValueSpecification\",\"valueRequired\":true,\"valueName\":\"search_term_string\"}}],\"inLanguage\":\"pt-BR\"},{\"@type\":\"Organization\",\"@id\":\"https:\/\/www.brfue.com\/blog\/#organization\",\"name\":\"BRFUE - Transplante Capilar em BH - Transplante Fio a Fio em BH\",\"url\":\"https:\/\/www.brfue.com\/blog\/\",\"logo\":{\"@type\":\"ImageObject\",\"inLanguage\":\"pt-BR\",\"@id\":\"https:\/\/www.brfue.com\/blog\/#\/schema\/logo\/image\/\",\"url\":\"https:\/\/www.brfue.com\/blog\/wp-content\/uploads\/2022\/11\/logo-white.png\",\"contentUrl\":\"https:\/\/www.brfue.com\/blog\/wp-content\/uploads\/2022\/11\/logo-white.png\",\"width\":82,\"height\":20,\"caption\":\"BRFUE - Transplante Capilar em BH - Transplante Fio a Fio  em BH\"},\"image\":{\"@id\":\"https:\/\/www.brfue.com\/blog\/#\/schema\/logo\/image\/\"}},{\"@type\":\"Person\",\"@id\":\"https:\/\/www.brfue.com\/blog\/#\/schema\/person\/9a8dad77bcb8b498d1a2611b54d0c8e0\",\"name\":\"Editorial BR FUE Transplante Capilar Fio a Fio Transplante Capilar Fio a Fio\",\"sameAs\":[\"https:\/\/brfue.com\/blog\"],\"url\":\"https:\/\/www.brfue.com\/blog\/author\/admin\/\"}]}<\/script>\n<!-- \/ Yoast SEO plugin. -->","yoast_head_json":{"title":"Transplante Capilar: Quem \u00e9 um Candidato Adequado?","description":"Transplante Capilar: Quem \u00e9 um Candidato Adequado? Saiba quais os requisitos para se tornar um candidato apto ao transplante fio a fio.","robots":{"index":"index","follow":"follow","max-snippet":"max-snippet:-1","max-image-preview":"max-image-preview:large","max-video-preview":"max-video-preview:-1"},"canonical":"https:\/\/www.brfue.com\/blog\/calvicie\/transplante-capilar-quem-e-um-candidato-adequado\/","og_locale":"pt_BR","og_type":"article","og_title":"Transplante Capilar: Quem \u00e9 um Candidato Adequado?","og_description":"Transplante Capilar: Quem \u00e9 um Candidato Adequado? Saiba quais os requisitos para se tornar um candidato apto ao transplante fio a fio.","og_url":"https:\/\/www.brfue.com\/blog\/calvicie\/transplante-capilar-quem-e-um-candidato-adequado\/","og_site_name":"BRFUE - Transplante Capilar em BH - Transplante Fio a Fio em BH","article_published_time":"2023-12-27T12:03:35+00:00","article_modified_time":"2023-12-27T12:03:36+00:00","og_image":[{"width":774,"height":1032,"url":"https:\/\/www.brfue.com\/blog\/wp-content\/uploads\/2023\/12\/Transplante-Capilar-Quem-e-um-Candidato-Adequado.webp","type":"image\/webp"}],"author":"Editorial BR FUE Transplante Capilar Fio a Fio Transplante Capilar Fio a Fio","twitter_card":"summary_large_image","twitter_misc":{"Escrito por":"Editorial BR FUE Transplante Capilar Fio a Fio Transplante Capilar Fio a Fio","Est. tempo de leitura":"9 minutos"},"schema":{"@context":"https:\/\/schema.org","@graph":[{"@type":"Article","@id":"https:\/\/www.brfue.com\/blog\/calvicie\/transplante-capilar-quem-e-um-candidato-adequado\/#article","isPartOf":{"@id":"https:\/\/www.brfue.com\/blog\/calvicie\/transplante-capilar-quem-e-um-candidato-adequado\/"},"author":{"name":"Editorial BR FUE Transplante Capilar Fio a Fio Transplante Capilar Fio a Fio","@id":"https:\/\/www.brfue.com\/blog\/#\/schema\/person\/9a8dad77bcb8b498d1a2611b54d0c8e0"},"headline":"Transplante Capilar: Quem \u00e9 um Candidato Adequado?","datePublished":"2023-12-27T12:03:35+00:00","dateModified":"2023-12-27T12:03:36+00:00","mainEntityOfPage":{"@id":"https:\/\/www.brfue.com\/blog\/calvicie\/transplante-capilar-quem-e-um-candidato-adequado\/"},"wordCount":1599,"publisher":{"@id":"https:\/\/www.brfue.com\/blog\/#organization"},"image":{"@id":"https:\/\/www.brfue.com\/blog\/calvicie\/transplante-capilar-quem-e-um-candidato-adequado\/#primaryimage"},"thumbnailUrl":"https:\/\/www.brfue.com\/blog\/wp-content\/uploads\/2023\/12\/Transplante-Capilar-Quem-e-um-Candidato-Adequado.webp","keywords":["BRFUE","Candidato adequado","Transplante Capilar","Transplante capilar fio a fio"],"articleSection":["Calv\u00edcie","Curiosidades","Dicas","Transplante Capilar"],"inLanguage":"pt-BR"},{"@type":"WebPage","@id":"https:\/\/www.brfue.com\/blog\/calvicie\/transplante-capilar-quem-e-um-candidato-adequado\/","url":"https:\/\/www.brfue.com\/blog\/calvicie\/transplante-capilar-quem-e-um-candidato-adequado\/","name":"Transplante Capilar: Quem \u00e9 um Candidato Adequado?","isPartOf":{"@id":"https:\/\/www.brfue.com\/blog\/#website"},"primaryImageOfPage":{"@id":"https:\/\/www.brfue.com\/blog\/calvicie\/transplante-capilar-quem-e-um-candidato-adequado\/#primaryimage"},"image":{"@id":"https:\/\/www.brfue.com\/blog\/calvicie\/transplante-capilar-quem-e-um-candidato-adequado\/#primaryimage"},"thumbnailUrl":"https:\/\/www.brfue.com\/blog\/wp-content\/uploads\/2023\/12\/Transplante-Capilar-Quem-e-um-Candidato-Adequado.webp","datePublished":"2023-12-27T12:03:35+00:00","dateModified":"2023-12-27T12:03:36+00:00","description":"Transplante Capilar: Quem \u00e9 um Candidato Adequado? Saiba quais os requisitos para se tornar um candidato apto ao transplante fio a fio.","breadcrumb":{"@id":"https:\/\/www.brfue.com\/blog\/calvicie\/transplante-capilar-quem-e-um-candidato-adequado\/#breadcrumb"},"inLanguage":"pt-BR","potentialAction":[{"@type":"ReadAction","target":["https:\/\/www.brfue.com\/blog\/calvicie\/transplante-capilar-quem-e-um-candidato-adequado\/"]}]},{"@type":"ImageObject","inLanguage":"pt-BR","@id":"https:\/\/www.brfue.com\/blog\/calvicie\/transplante-capilar-quem-e-um-candidato-adequado\/#primaryimage","url":"https:\/\/www.brfue.com\/blog\/wp-content\/uploads\/2023\/12\/Transplante-Capilar-Quem-e-um-Candidato-Adequado.webp","contentUrl":"https:\/\/www.brfue.com\/blog\/wp-content\/uploads\/2023\/12\/Transplante-Capilar-Quem-e-um-Candidato-Adequado.webp","width":774,"height":1032,"caption":"Transplante Capilar Quem \u00e9 um Candidato Adequado"},{"@type":"BreadcrumbList","@id":"https:\/\/www.brfue.com\/blog\/calvicie\/transplante-capilar-quem-e-um-candidato-adequado\/#breadcrumb","itemListElement":[{"@type":"ListItem","position":1,"name":"In\u00edcio","item":"https:\/\/www.brfue.com\/blog\/"},{"@type":"ListItem","position":2,"name":"Transplante Capilar: Quem \u00e9 um Candidato Adequado?"}]},{"@type":"WebSite","@id":"https:\/\/www.brfue.com\/blog\/#website","url":"https:\/\/www.brfue.com\/blog\/","name":"BRFUE - Transplante Capilar em BH - Transplante Fio a Fio em BH","description":"Transplante Capilar em BH- Transplante Fio a Fio em BH","publisher":{"@id":"https:\/\/www.brfue.com\/blog\/#organization"},"potentialAction":[{"@type":"SearchAction","target":{"@type":"EntryPoint","urlTemplate":"https:\/\/www.brfue.com\/blog\/?s={search_term_string}"},"query-input":{"@type":"PropertyValueSpecification","valueRequired":true,"valueName":"search_term_string"}}],"inLanguage":"pt-BR"},{"@type":"Organization","@id":"https:\/\/www.brfue.com\/blog\/#organization","name":"BRFUE - Transplante Capilar em BH - Transplante Fio a Fio em BH","url":"https:\/\/www.brfue.com\/blog\/","logo":{"@type":"ImageObject","inLanguage":"pt-BR","@id":"https:\/\/www.brfue.com\/blog\/#\/schema\/logo\/image\/","url":"https:\/\/www.brfue.com\/blog\/wp-content\/uploads\/2022\/11\/logo-white.png","contentUrl":"https:\/\/www.brfue.com\/blog\/wp-content\/uploads\/2022\/11\/logo-white.png","width":82,"height":20,"caption":"BRFUE - Transplante Capilar em BH - Transplante Fio a Fio  em BH"},"image":{"@id":"https:\/\/www.brfue.com\/blog\/#\/schema\/logo\/image\/"}},{"@type":"Person","@id":"https:\/\/www.brfue.com\/blog\/#\/schema\/person\/9a8dad77bcb8b498d1a2611b54d0c8e0","name":"Editorial BR FUE Transplante Capilar Fio a Fio Transplante Capilar Fio a Fio","sameAs":["https:\/\/brfue.com\/blog"],"url":"https:\/\/www.brfue.com\/blog\/author\/admin\/"}]}},"_links":{"self":[{"href":"https:\/\/www.brfue.com\/blog\/wp-json\/wp\/v2\/posts\/1028","targetHints":{"allow":["GET"]}}],"collection":[{"href":"https:\/\/www.brfue.com\/blog\/wp-json\/wp\/v2\/posts"}],"about":[{"href":"https:\/\/www.brfue.com\/blog\/wp-json\/wp\/v2\/types\/post"}],"author":[{"embeddable":true,"href":"https:\/\/www.brfue.com\/blog\/wp-json\/wp\/v2\/users\/1"}],"replies":[{"embeddable":true,"href":"https:\/\/www.brfue.com\/blog\/wp-json\/wp\/v2\/comments?post=1028"}],"version-history":[{"count":2,"href":"https:\/\/www.brfue.com\/blog\/wp-json\/wp\/v2\/posts\/1028\/revisions"}],"predecessor-version":[{"id":1031,"href":"https:\/\/www.brfue.com\/blog\/wp-json\/wp\/v2\/posts\/1028\/revisions\/1031"}],"wp:featuredmedia":[{"embeddable":true,"href":"https:\/\/www.brfue.com\/blog\/wp-json\/wp\/v2\/media\/1029"}],"wp:attachment":[{"href":"https:\/\/www.brfue.com\/blog\/wp-json\/wp\/v2\/media?parent=1028"}],"wp:term":[{"taxonomy":"category","embeddable":true,"href":"https:\/\/www.brfue.com\/blog\/wp-json\/wp\/v2\/categories?post=1028"},{"taxonomy":"post_tag","embeddable":true,"href":"https:\/\/www.brfue.com\/blog\/wp-json\/wp\/v2\/tags?post=1028"}],"curies":[{"name":"wp","href":"https:\/\/api.w.org\/{rel}","templated":true}]}}